{"id":1738,"date":"2017-06-30T15:35:32","date_gmt":"2017-06-30T15:35:32","guid":{"rendered":"http:\/\/www.garana-jazz.ro\/?p=1738"},"modified":"2024-02-16T18:16:54","modified_gmt":"2024-02-16T15:16:54","slug":"ghid-de-vacanta-la-garana-jazz-festival-trasee-privelisti-si-experiente-culinare","status":"publish","type":"post","link":"https:\/\/garana-jazz.ro\/en\/ghid-de-vacanta-la-garana-jazz-festival-trasee-privelisti-si-experiente-culinare\/","title":{"rendered":"Ghid de vacan\u021b\u0103 G\u0103r\u00e2na Jazz Festival: trasee, peisaje \u0219i experien\u021be culinare"},"content":{"rendered":"<p>Dac\u0103 ajungi pentru prima dat\u0103 la G\u0103r\u00e2na, ia-\u021bi timp s\u0103 descoperi zona, priveli\u0219tile, oamenii \u0219i locurile. Festivalul e o experien\u021b\u0103 unic\u0103 nu doar pentru concertele de jazz cu arti\u0219tii talenta\u021bi ai lumii, dar \u0219i pentru patrimoniul deosebit al Mun\u021bilor Semenic. Iat\u0103 c\u00e2teva recomand\u0103ri de neratat.<\/p>\n<h5>Peisaje spectaculoase<\/h5>\n<p><em>Sunt c\u00e2teva locuri \u00een care s\u0103-\u021bi cl\u0103te\u0219ti ochii \u0219i s\u0103 admiri natura \u00een toat\u0103 splendoarea ei, la care po\u021bi ajunge cel mai simplu cu ma\u0219ina (g\u0103se\u0219ti punctele de destina\u021bie pe Google Maps)<\/em><\/p>\n<p><strong>P\u0103str\u0103v\u0103ria Crivaia. <\/strong>\u00cen drum spre p\u0103str\u0103v\u0103rie ve\u021bi g\u0103si \u0219i\u00a0Vila Klaus, fosta re\u0219edin\u021b\u0103 de vacan\u021be a casei regale<\/p>\n<p><strong>Lacul 3 ape<\/strong>:\u00a0 Printre cele mai frumoase locuri din regiune \u2013 cel mai \u00eenalt lac de acumulare din masivul Semenic, cu o suprafa\u0163\u0103 de 45 de hectare, un loc perfect pentru amatorii de activit\u0103\u021bi nautice (cu barca, caiacul \u015fi hidrobicicleta). Din apa lacului se \u00eenfiripeaz\u0103, peste deversorul barajului, r\u00e2ul Timi\u0219<\/p>\n<p><strong>Satul Brebu Nou<\/strong><\/p>\n<p><strong>Cheile Cara\u0219ului \u0219i Pe\u0219tera Comarnic<\/strong> \u2013 cea mai frumoasa \u0219i s\u0103lbatic\u0103 pe\u0219tera din Banat \u0219i chiar din Rom\u00e2nia. Ea este a doua ca lungime din Banat (6 201 m), fiind \u00eentrecuta acum ca \u00eentindere de Pestera Buhui (6 547 m). Din cei peste 6 200 m structurati pe 3 nivele (fosil, subfosil si activ), turistii pot vedea doar nivelul superior, cel \u0084uscat\u0094, pe o lungime de 1750 m.<\/p>\n<p><strong>Lacul Gozna (satul V\u0103liug)<\/strong> &#8211; Pe por\u021biunea de la r\u0103scruce la lac, drumul este \u00eenso\u021bit de un fir de ap\u0103 care curge la deal, sfid\u00e2nd legile gravita\u021biei. \u00cenclinarea opus\u0103 a pantelor drumului pe dealul \u0084Dragutei\u0094 fata de albia p\u00e2r\u00e2ului creeaza iluzia \u0084r\u00e2ului care urca\u0094, spre uimirea trecatorilor. Lacul de acumulare Gozna-Crivaia se \u00eentinde pe o suprafata de 60 ha, av\u00e2nd o lungime de 3 km.<\/p>\n<p><strong>Calea ferat\u0103 Anina-Oravi\u021ba &#8211;<\/strong> Inaugurat\u0103 \u00een 1862, este prima cale ferat\u0103 montan\u0103 din sud-estul Europei \u0219i a doua cale ferat\u0103 montan\u0103 din Europa (dup\u0103 Semmeringbahn din Austria).<\/p>\n<p>Banatul Montan merit\u0103 explorat \u0219i cu rucsacul \u00een spate. Pe\u0219tera Comarnic, Muntele Mic sau Poiana M\u0103rului sunt obiective de neratat pentru cei cu concediu prelungit. La o distan\u021b\u0103 ceva mai mare se afl\u0103 Cheile Nerei \u0219i Valea Cernei \u2013 o zon\u0103 cu foarte multe trasee de c\u0103\u021b\u0103rat, trekking \u0219i b\u0103i termale.<\/p>\n<p>Consult\u0103 <a href=\"https:\/\/banatul-montan.ro\/harta\/harta.html#mountain\" target=\"_blank\" rel=\"noopener\">AICI <\/a>o hart\u0103 detaliat\u0103 cu toate obiectivele.<\/p>\n<p><img fetchpriority=\"high\" decoding=\"async\" class=\"alignnone size-full wp-image-1739\" src=\"https:\/\/www.garana-jazz.ro\/wp-content\/uploads\/2017\/06\/de-sus.jpg\" alt=\"de sus\" width=\"3471\" height=\"1208\" \/><\/p>\n<p><img decoding=\"async\" class=\"alignnone size-full wp-image-1741\" src=\"https:\/\/www.garana-jazz.ro\/wp-content\/uploads\/2017\/06\/brebu-nou.jpg\" alt=\"brebu nou\" width=\"2048\" height=\"1152\" \/><\/p>\n<p><span><\/p>\n<h5>Trasee cu bicicleta<\/h5>\n<p><\/span><\/p>\n<p>Exist\u0103 peste 40 de trasee de mountain bike \u00een zona Banatului Montan, iar noi am f\u0103cut o selec\u021bie de trasee care pot fi realizate cu u\u0219urin\u021b\u0103 de vizitatorii G\u0103r\u00e2na. Lista este <a href=\"\/en\/?p=2248\">aici.<\/a><\/p>\n<p><img decoding=\"async\" class=\"alignnone size-full wp-image-2255\" src=\"https:\/\/www.garana-jazz.ro\/wp-content\/uploads\/2018\/07\/12115885_515702881918379_140701690754081352_n.jpg\" alt=\"\" width=\"960\" height=\"594\" \/><\/p>\n<p><span><\/p>\n<h5>Recomand\u0103ri culinare<\/h5>\n<p><\/span><\/p>\n<p>P\u0103str\u0103v\u0103ria Crivaia &#8211; nu exist\u0103 un restaurant aici, \u00eens\u0103 pute\u021bi cump\u0103ra pe\u0219te proasp\u0103t \u0219i g\u0103ti acas\u0103 sau la cort. \u0218i dac\u0103 tot sunte\u021bi \u00een zon\u0103, \u00eencerca\u021bi \u0219i papana\u0219ii de la <a href=\"https:\/\/www.facebook.com\/pages\/La-Cioata\/1601021220136248\" target=\"_blank\" rel=\"noopener\">\u201dLa Cioata\u201d<\/a>.<\/p>\n<p>Tradi\u021bionalul gula\u0219, devenit emblema culinar\u0103 a festivalului, g\u0103tit de Gigi T\u0103u\u0219, unul dintre fondatorii festivalului G\u0103r\u00e2na, poate fi gustat la <a href=\"https:\/\/www.facebook.com\/pages\/La-Cioata\/1601021220136248\" target=\"_blank\" rel=\"noopener\">hanul \u201dLa R\u0103scruce\u201d<\/a>.<\/p>\n<p>\u00cencerca\u021bi un \u0219trudel cu mere sau un J\u00e4gerschnitzel la Pensiunea Gasthof Tirol, din satul V\u0103liug &#8211; Sta\u021biunea Crivaia.\u00a0<a href=\"https:\/\/gasthof-tirol.ro\/ro\/\" target=\"_blank\" rel=\"noopener\">Adresa.<\/a>\u00a0La fel de bun e \u0219i strudelul cu vi\u0219ine de la Casa Baraj.<\/p>\n<p>Salat de bure\u021bi de fag poate fi g\u0103sit\u0103 la Hanul La R\u0103scruce, Casa Baraj \u0219i Gasthof Tirol.<\/p>\n<p>Pizza g\u0103si\u021bi <a href=\"https:\/\/www.facebook.com\/La-popas-valiug-1749866441913073\/\" target=\"_blank\" rel=\"noopener\">La Popas<\/a>, \u00een satul V\u0103liug<\/p>\n<p><span style=\"text-decoration: underline;\"><strong>Trasee mai lungi (de parcurs cu ma\u0219ina) <\/strong><\/span><\/p>\n<p><strong>Drumul Lacurilor<\/strong> (Re\u015fi\u0163a \u2013 V\u0103liug \u2013 Prislop \/ Muntele Semenic \u2013 G\u0103r\u00e2na \u2013 Trei Ape \u2013 Slatina Timi\u015f \u2013 Caransebe\u015f \u2013 Re\u015fi\u0163a) <a href=\"https:\/\/banatul-montan.ro\/harta\/harta.html#car\" target=\"_blank\" rel=\"noopener\">Map<\/a><\/p>\n<p>Cotind la dreapta la sensul giratoriu din centrul V\u0103liugului, dup\u0103 un kilometru se ajunge la r\u0103scrucea cu drumul spre Prislop \u2013 Semenic unde din nou se face la dreapta \u015fi dup\u0103 500 m se ajunge la barajul Lacului Gozna. Pe por\u0163iunea de la r\u0103scruce la lac, drumul este \u00eenso\u0163it de un fir de ap\u0103 care curge la deal, sfid\u00e2nd legile gravita\u0163iei. \u00cenclinarea opus\u0103 a pantelor drumului pe dealul \u201eDr\u0103gu\u0163ei\u201d fa\u0163\u0103 de albia p\u00e2r\u00e2ului creeaz\u0103 iluzia \u201er\u00e2ului care urc\u0103\u201d, spre uimirea trec\u0103torilor.<\/p>\n<p>Lacul de acumulare Gozna-Crivaia se \u00eentinde pe o suprafa\u0163\u0103 de 60 ha, av\u00e2nd o lungime de 3 km. Barajul s-a construit \u00eentre anii 1948 \u015fi 1952 \u015fi are o \u00een\u0103l\u0163ime de 48 m pornind de la baza mic\u0103 de 113 m \u015fi p\u00e2n\u0103 la baza mare de 184 m a st\u0103vilarului. Lacul a fost umplut cu ap\u0103 \u00een anul 1953, \u00eenmagazin\u00e2ndu-se 10 milioane de metrii cubi.<\/p>\n<p>A fost prima construc\u0163ie de acest fel din Rom\u00e2nia, proiectat\u0103 \u015fi executat\u0103 exclusiv de c\u0103tre speciali\u015fti rom\u00e2ni, lacul av\u00e2nd \u015fi rol energetic pentru alimentarea cu ap\u0103 a centralelor hidroelectrice Cr\u0103inicel \u015fi Grebla.<\/p>\n<p><b>TransAlpina B\u0103n\u0103\u021bean\u0103<\/b> <a href=\"https:\/\/banatul-montan.ro\/harta\/harta.html#car\" target=\"_blank\" rel=\"noopener\">Map<\/a><\/p>\n<p>Transalpina Banatului este un drum cu multe serpentine ce le ofer\u0103 trec\u0103torilor posibilitatea de a se bucura de peisaje deosebite \u0219i ar putea rivaliza cu Transf\u0103g\u0103r\u0103\u015fanul \u015fi cu adev\u0103rata Transalpina. Este vorba de drumul jude\u021bean 582 care leag\u0103 comuna Slatina Timi\u0219 de Brebu Nou \u0219i V\u0103liug.<\/p>\n<p><img loading=\"lazy\" decoding=\"async\" class=\"size-full wp-image-1747\" src=\"https:\/\/www.garana-jazz.ro\/wp-content\/uploads\/2017\/06\/IMG_6042.jpg\" alt=\"Processed with VSCO with wwf preset\" width=\"1024\" height=\"768\" \/><\/p>","protected":false},"excerpt":{"rendered":"<p>Dac\u0103 ajungi pentru prima dat\u0103 la G\u0103r\u00e2na, ia-\u021bi timp s\u0103 descoperi zona, priveli\u0219tile, oamenii \u0219i locurile. Festivalul e o experien\u021b\u0103 unic\u0103 nu doar pentru concertele de jazz cu arti\u0219tii talenta\u021bi ai lumii, dar \u0219i pentru patrimoniul deosebit al Mun\u021bilor Semenic. Iat\u0103 c\u00e2teva recomand\u0103ri de neratat. Peisaje spectaculoase Sunt c\u00e2teva locuri \u00een care s\u0103-\u021bi cl\u0103te\u0219ti ochii [&hellip;]<\/p>","protected":false},"author":3,"featured_media":4792,"comment_status":"closed","ping_status":"closed","sticky":false,"template":"","format":"standard","meta":{"footnotes":""},"categories":[90],"tags":[],"class_list":["post-1738","post","type-post","status-publish","format-standard","has-post-thumbnail","hentry","category-90"],"_links":{"self":[{"href":"https:\/\/garana-jazz.ro\/en\/wp-json\/wp\/v2\/posts\/1738","targetHints":{"allow":["GET"]}}],"collection":[{"href":"https:\/\/garana-jazz.ro\/en\/wp-json\/wp\/v2\/posts"}],"about":[{"href":"https:\/\/garana-jazz.ro\/en\/wp-json\/wp\/v2\/types\/post"}],"author":[{"embeddable":true,"href":"https:\/\/garana-jazz.ro\/en\/wp-json\/wp\/v2\/users\/3"}],"replies":[{"embeddable":true,"href":"https:\/\/garana-jazz.ro\/en\/wp-json\/wp\/v2\/comments?post=1738"}],"version-history":[{"count":0,"href":"https:\/\/garana-jazz.ro\/en\/wp-json\/wp\/v2\/posts\/1738\/revisions"}],"wp:featuredmedia":[{"embeddable":true,"href":"https:\/\/garana-jazz.ro\/en\/wp-json\/wp\/v2\/media\/4792"}],"wp:attachment":[{"href":"https:\/\/garana-jazz.ro\/en\/wp-json\/wp\/v2\/media?parent=1738"}],"wp:term":[{"taxonomy":"category","embeddable":true,"href":"https:\/\/garana-jazz.ro\/en\/wp-json\/wp\/v2\/categories?post=1738"},{"taxonomy":"post_tag","embeddable":true,"href":"https:\/\/garana-jazz.ro\/en\/wp-json\/wp\/v2\/tags?post=1738"}],"curies":[{"name":"wp","href":"https:\/\/api.w.org\/{rel}","templated":true}]}}