{"id":1867,"date":"2016-11-03T11:01:54","date_gmt":"2016-11-03T11:01:54","guid":{"rendered":"http:\/\/www.garana-jazz.ro\/?p=1397"},"modified":"2024-02-15T13:27:14","modified_gmt":"2024-02-15T10:27:14","slug":"garana-jazz-festival-xxi-va-avea-loc-intre-6-si-9-iulie-2017","status":"publish","type":"post","link":"https:\/\/garana-jazz.ro\/en\/garana-jazz-festival-xxi-va-avea-loc-intre-6-si-9-iulie-2017\/","title":{"rendered":"G\u0103r\u00e2na Jazz Festival XXI va avea loc \u00eentre 6 \u0219i 9 iulie 2017"},"content":{"rendered":"<p><strong><a href=\"https:\/\/www.garana-jazz.ro\/en\/\">G\u0103r\u00e2na Jazz Festival<\/a>,<\/strong> cel mai complex eveniment de jazz open-air din Europa Central\u0103 \u0219i de Est, anun\u021b\u0103 cea de-a 21-a edi\u021bie ce va avea loc \u00eentre 6 \u0219i 9 iulie 2017 \u00een Mun\u021bii Semenic, jude\u021bul Cara\u0219-Severin. Dup\u0103 s\u0103rb\u0103torirea a dou\u0103 decenii de festival, G\u0103r\u00e2na continu\u0103 s\u0103 consolideze pasiunea \u0219i nevoia de jazz sub cerul liber, cultiv\u00e2nd libertatea muzicii live \u00een mijlocul naturii, a\u0219a cum a f\u0103cut-o din 1997 p\u00e2n\u0103-n prezent.<\/p>\n<p>Edi\u021bia precedent\u0103 a festivalului, desf\u0103\u0219urat\u0103 \u00eentre 7 \u0219i 11 iulie 2016, a adus laolalt\u0103 mii de priviri a\u021bintite asupra line-up-ului aniversar ce s-a bucurat de prezen\u021be memorabile ca Jack Dejohnette, Ravi Coltrane, Matt Garrison, Yuri Honing Acoustic Quartet, Kari Ikonen Trio,\u00a0<a href=\"https:\/\/www.nilspettermolvaer.com\/biography\/biography.php\" target=\"_blank\" rel=\"noopener\">Nils Petter Molv\u00e6r<\/a>\u00a0Quartet, <a href=\"https:\/\/www.allmusic.com\/artist\/louis-sclavis-mn0000828098\/biography\" target=\"_blank\" rel=\"noopener\">Louis Sclavis Trio<\/a> \u0219i <a href=\"\/en\/?p=1250\">mul\u021bi al\u021bii<\/a>. Cinci zile lungi de var\u0103 s-au a\u0219ezat \u00een amintirea celor veni\u021bi s\u0103 s\u0103rb\u0103toreasc\u0103 20 de ani de G\u0103r\u00e2na sub forma unei colec\u021bii de st\u0103ri ce compun, \u00eempreun\u0103, experien\u021ba unui festival unic \u00een Europa.<\/p>\n<p><img fetchpriority=\"high\" decoding=\"async\" class=\"alignnone size-full wp-image-1398\" src=\"https:\/\/www.garana-jazz.ro\/wp-content\/uploads\/2016\/11\/GJF-21.jpg\" alt=\"gjf-21\" width=\"784\" height=\"295\" \/><\/p>\n<p>La intersec\u021bia dintre cer \u0219i p\u0103m\u00e2nt, \u00eentr-un loc f\u0103r\u0103 v\u00e2rst\u0103, G\u0103r\u00e2na duce mai departe misiunea de a aduce jazz-ul de cea mai bun\u0103 calitate mai aproape de natur\u0103, acolo unde poate fi ascultat \u0219i devorat de cei dornici s\u0103 descopere un altfel de univers. <a href=\"https:\/\/G\u0103r\u00e2na%20Jazz Festival, cel mai complex eveniment de jazz open-air din Europa Central\u0103 \u0219i de Est, anun\u021b\u0103 cea de-a 21-a edi\u021bie ce va avea loc \u00eentre 6 \u0219i 9 iulie 2017 \u00een Mun\u021bii Semenic, jude\u021bul Cara\u0219-Severin. Dup\u0103 s\u0103rb\u0103torirea a dou\u0103 decenii de festival, G\u0103r\u00e2na continu\u0103 s\u0103 consolideze pasiunea \u0219i nevoia de jazz sub cerul liber, cultiv\u00e2nd libertatea muzicii live \u00een mijlocul naturii, a\u0219a cum a f\u0103cut-o din 1997 p\u00e2n\u0103-n prezent. Edi\u021bia precedent\u0103 a festivalului, desf\u0103\u0219urat\u0103 \u00eentre 7 \u0219i 11 iulie 2016, a adus laolalt\u0103 mii de priviri a\u021bintite asupra line-up-ului aniversar ce s-a bucurat de prezen\u021be memorabile ca Jack Dejohnette, Ravi Coltrane, Matt Garrison, Yuri Honing Acoustic Quartet, Kari Ikonen Trio, Nils Petter Molv\u00e6r Quartet, Louis Sclavis Trio \u0219i mul\u021bi al\u021bii. Cinci zile lungi de var\u0103 s-au a\u0219ezat \u00een amintirea celor veni\u021bi s\u0103 s\u0103rb\u0103toreasc\u0103 20 de ani de G\u0103r\u00e2na sub forma unei colec\u021bii de st\u0103ri ce compun, \u00eempreun\u0103, experien\u021ba unui festival unic \u00een Europa. La intersec\u021bia dintre cer \u0219i p\u0103m\u00e2nt, \u00eentr-un loc f\u0103r\u0103 v\u00e2rst\u0103, G\u0103r\u00e2na duce mai departe misiunea de a aduce jazz-ul de cea mai bun\u0103 calitate mai aproape de natur\u0103, acolo unde poate fi ascultat \u0219i devorat de cei dornici s\u0103 descopere un altfel de univers. Galerie foto edi\u021bia XX. Pentru a marca edi\u021bia aniversar\u0103 \u0219i viitorul unui festival care a crescut odat\u0103 cu istoria jazz-ului rom\u00e2nesc, G\u0103r\u00e2na va lansa \u00een 2017, la Bucure\u0219ti, Timi\u0219oara si Cluj, un album cu 214 de priviri aruncate asupra celei de-a 20-a edi\u021bii, surprinse de fotografii Hora\u021biu \u0218ov\u0103ial\u0103 \u0219i Mihai \u0218ov\u0103ial\u0103, afla\u021bi pentru prima dat\u0103 \u00een poian\u0103. Cei care au fost la festival sau cei care \u0219i-au dorit s\u0103 ajung\u0103 \u00een mun\u021bii cu jazz vor putea tr\u0103i sau retr\u0103i detaliile \u0219i emo\u021biile zilelor bl\u00e2nde \u0219i nop\u021bilor r\u0103coroase din c\u0103tunul cu muzic\u0103 live. Mai multe detalii despre line-up-ul edi\u021biei XXI vor fi disponibile \u00eencep\u00e2nd cu luna ianuarie 2017 pe www.garana-jazz.ro \u0219i www.facebook.com\/GaranaJazzFest.\">Foto edi\u021bia XX.<\/a><\/p>\n<p>Pentru a marca edi\u021bia aniversar\u0103 \u0219i viitorul unui festival care a crescut odat\u0103 cu istoria jazz-ului rom\u00e2nesc, G\u0103r\u00e2na Jazz Festival va lansa \u00een 2017, la Bucure\u0219ti, Timi\u0219oara si Cluj, un album cu 214 de priviri aruncate asupra celei de-a 20-a edi\u021bii, surprinse de fotografii Hora\u021biu \u0218ov\u0103ial\u0103 \u0219i Mihai \u0218ov\u0103ial\u0103, afla\u021bi pentru prima dat\u0103 \u00een poian\u0103. Cei care au fost la festival sau cei care \u0219i-au dorit s\u0103 ajung\u0103 \u00een mun\u021bii cu jazz vor putea tr\u0103i sau retr\u0103i detaliile \u0219i emo\u021biile zilelor bl\u00e2nde \u0219i nop\u021bilor r\u0103coroase din c\u0103tunul cu muzic\u0103 live.<\/p>\n<p>Mai multe detalii despre line-up-ul edi\u021biei XXI vor fi disponibile \u00eencep\u00e2nd cu luna ianuarie 2017 pe <a href=\"https:\/\/garana-jazz.ro\/en\/\">www.garana-jazz.ro<\/a> \u0219i <a href=\"https:\/\/www.facebook.com\/GaranaJazzFest\" target=\"_blank\" rel=\"noopener\">www.facebook.com\/GaranaJazzFest<\/a>.<\/p>\n<p><img decoding=\"async\" class=\"alignnone size-full wp-image-1376\" src=\"https:\/\/www.garana-jazz.ro\/wp-content\/uploads\/2016\/11\/garana20_79.jpg\" alt=\"garana20_79\" width=\"1702\" height=\"1134\" \/><\/p>\n<p>Organizator: Funda\u021bia Cultural\u0103 Jazz Banat<\/p>","protected":false},"excerpt":{"rendered":"<p>G\u0103r\u00e2na Jazz Festival, cel mai complex eveniment de jazz open-air din Europa Central\u0103 \u0219i de Est, anun\u021b\u0103 cea de-a 21-a edi\u021bie ce va avea loc \u00eentre 6 \u0219i 9 iulie 2017 \u00een Mun\u021bii Semenic, jude\u021bul Cara\u0219-Severin. Dup\u0103 s\u0103rb\u0103torirea a dou\u0103 decenii de festival, G\u0103r\u00e2na continu\u0103 s\u0103 consolideze pasiunea \u0219i nevoia de jazz sub cerul liber, [&hellip;]<\/p>","protected":false},"author":3,"featured_media":4751,"comment_status":"closed","ping_status":"closed","sticky":false,"template":"","format":"standard","meta":{"footnotes":""},"categories":[90],"tags":[],"class_list":["post-1867","post","type-post","status-publish","format-standard","has-post-thumbnail","hentry","category-90"],"_links":{"self":[{"href":"https:\/\/garana-jazz.ro\/en\/wp-json\/wp\/v2\/posts\/1867","targetHints":{"allow":["GET"]}}],"collection":[{"href":"https:\/\/garana-jazz.ro\/en\/wp-json\/wp\/v2\/posts"}],"about":[{"href":"https:\/\/garana-jazz.ro\/en\/wp-json\/wp\/v2\/types\/post"}],"author":[{"embeddable":true,"href":"https:\/\/garana-jazz.ro\/en\/wp-json\/wp\/v2\/users\/3"}],"replies":[{"embeddable":true,"href":"https:\/\/garana-jazz.ro\/en\/wp-json\/wp\/v2\/comments?post=1867"}],"version-history":[{"count":0,"href":"https:\/\/garana-jazz.ro\/en\/wp-json\/wp\/v2\/posts\/1867\/revisions"}],"wp:featuredmedia":[{"embeddable":true,"href":"https:\/\/garana-jazz.ro\/en\/wp-json\/wp\/v2\/media\/4751"}],"wp:attachment":[{"href":"https:\/\/garana-jazz.ro\/en\/wp-json\/wp\/v2\/media?parent=1867"}],"wp:term":[{"taxonomy":"category","embeddable":true,"href":"https:\/\/garana-jazz.ro\/en\/wp-json\/wp\/v2\/categories?post=1867"},{"taxonomy":"post_tag","embeddable":true,"href":"https:\/\/garana-jazz.ro\/en\/wp-json\/wp\/v2\/tags?post=1867"}],"curies":[{"name":"wp","href":"https:\/\/api.w.org\/{rel}","templated":true}]}}