{"id":1869,"date":"2017-01-19T11:43:15","date_gmt":"2017-01-19T11:43:15","guid":{"rendered":"http:\/\/www.garana-jazz.ro\/?p=1414"},"modified":"2024-02-15T13:27:01","modified_gmt":"2024-02-15T10:27:01","slug":"20-2","status":"publish","type":"post","link":"https:\/\/garana-jazz.ro\/en\/20-2\/","title":{"rendered":"20."},"content":{"rendered":"<p>Pentru unii oameni, timpul are o elasticitate. Cum \u00eei recuno\u0219ti? Sunt oamenii care se \u00eendr\u0103gostesc de clipa \u00een care sunt. De muzica pe care o aud. De oamenii din jurul lor atunci c\u00e2nd se simt bine. Probabil sunt oamenii care nu accept\u0103 c\u0103 nu po\u021bi fi fericit tot timpul, a\u0219a c\u0103 nu renun\u021b\u0103 niciodat\u0103 la \u00eencercare.<\/p>\n<p>Pentru c\u0103 nu po\u021bi opri timpul \u00een loc, acolo unde te-ai \u00eendragostit de el, \u00eenveti s\u0103 tr\u0103ie\u0219ti momentul mai intens. S\u0103 r\u0103m\u00e2i c\u00e2t po\u021bi \u00een el. Momentele nu trec la fel de repede pentru toat\u0103 lumea. O noapte poate dura o s\u0103pt\u0103m\u00e2n\u0103. Dac\u0103 nu vrei s\u0103 se termine, nu trebuie dec\u00e2t s\u0103 evi\u021bi s\u0103 intri \u00een rutina timpului care trece pe lang\u0103 tine, ca \u00eentr-o poveste, cu \u00eenceput \u0219i sf\u00e2r\u0219it.<\/p>\n<p>Din fericire pentru noi, jazz-ul nu e ca o poveste. Nu are \u00eenceput \u0219i sf\u00e2r\u0219it \u0219i nu respect\u0103 regulile clasice ale unei povestiri epice. Jazz-ul se \u00eent\u00e2mpl\u0103 l\u00e2ng\u0103 tine, \u00een timp cu tine. Sare \u00een toate p\u0103r\u021bile, are \u00eenceputuri dup\u0103 \u00eenceputuri \u0219i sf\u00e2r\u0219ituri dup\u0103 sf\u00e2r\u0219ituri. Jazz-ul e imprevizibil din punct de vedere temporal. Starea asta de permanent\u0103 confuzie temporal\u0103 te ajut\u0103 s\u0103 r\u0103m\u0103i mai mult \u00een momentul de care te-ai \u00eendr\u0103gostit.<\/p>\n<p>Pentru ca ne dorim s\u0103 nu se termine niciodat\u0103, r\u0103m\u00e2nem pl\u0103cut captivi \u00een momentul \u00een care a \u00eenceput saxofonul s\u0103 c\u00e2nte. \u00cen momentul \u00een care ne-am luat \u00een bra\u021be. Atunci c\u00e2nd am cunoscut pe cineva nou. \u00cen minutul \u00een care ne-am uitat la stele. \u00cen minutul \u00een care n-a trebuit s\u0103 mai \u00een\u021belegem nimic, doar s\u0103 ne bucur\u0103m de ce se \u00eentampl\u0103.<\/p>\n<p>Pentru ca sunt aceste momente din care nu i\u021bi doresti s\u0103 mai ie\u0219i, c\u00e2\u021biva oameni s-au hotarat s\u0103 le prind\u0103 \u00een loc. E o treab\u0103 complicat\u0103 s\u0103 g\u0103se\u0219ti toate condi\u021biile necesare pentru a creea un moment ideal. Muzica e prima, jazz-ul i\u0219i face treaba mai departe. <strong>Locul e G\u0103r\u00e2na.<\/strong> Cu autenticitatea ei \u0219i cu b\u0103\u0219tina\u0219i aproape insulari \u00een raport cu restul lumii. Ochii c\u00e2t mai aproape de stele \u0219i iarba de sub picioare au asigurat restul de condi\u021bii perfecte pentru fixat amintiri. Era \u00een 1997 si nu mai era nevoie dec\u00e2t de oamenii care \u0219tiu s\u0103 \u00eentind\u0103 o clipa ca un arc peste timp.<\/p>\n<p>\u0218i oamenii au venit. An de an. Cu tenacitatea dependentului de fericire. Zeci de nume r\u0103sun\u0103toare pe scen\u0103 au blocat sute de mii de momente r\u0103sunatoare \u00een inimi care i\u0219i doresc s\u0103 bat\u0103 in ritm de jazz, far\u0103 \u00eenceput \u0219i sf\u00e2r\u0219it.<\/p>\n<p>Pentru c\u0103 s\u0103rb\u0103torim 20 de ani \u00eentinsi \u00eentr-o singura clip\u0103, doi fra\u021bi \u0219i masinile lor de oprit timpul pe film au petrecut 7 zile la G\u0103r\u00e2na pentru a documenta a 20 a edi\u021bie a festivalului.<\/p>\n<p>Cei doi fotografi (Hora\u021biu \u0219i Mihai \u0218ov\u0103ial\u0103), pentru prima oara \u00een G\u0103r\u00e2na, au interpretat tema festivalului pornind de la un studiu al fotografiei vernaculare \u0219i al fotografiei documentare a anilor 60-70, propun\u00e2nd pentru edi\u021bia aniversar\u0103 realizarea unui proiect editorial format din dou\u0103 p\u0103r\u021bi distincte, dar dependente reciproc. \u00cen debutul celei de-a 20 a editii a festivalului, o selectie subiectiva a fotografiilor va fi prezent\u0103 al\u0103turi de proiectul editorial \u00een cadrul expozi\u021biei organizate la <strong>Galeria Mobius<\/strong> din Bucure\u0219ti \u00een perioada <strong>2-22 Februarie 2017<\/strong>.<\/p>\n<p>Lansare: Joi, 2 Februarie, ora 19:00, <a href=\"https:\/\/www.facebook.com\/mobius.contemporaryartgallery\/\" data-hovercard=\"\/ajax\/hovercard\/page.php?id=151630185183202&amp;extragetparams=%7B%22directed_target_id%22%3A1843701569252747%7D\" data-hovercard-prefer-more-content-show=\"1\" target=\"_blank\" rel=\"noopener\">Mobius Gallery<\/a><br \/>\nStrada D.I. Mendeleev, nr. 2<br \/>\n010361 Bucure\u0219ti, Sector 1, Romania<\/p>\n<p>Cartea poate fi achizitionat\u0103 de la Anthony Frost \u2022 English Bookshop si de la P-U-N-C-H.<\/p>\n<p>https:\/\/anthonyfrost.ro\/ecommerce\/music-stage-screen\/garana-jazz-festival-aniversary-edition<\/p>\n<p>https:\/\/p-u-n-c-h.ro\/others\/garana-jazz-festival-20\/<\/p>\n<p>sau<\/p>\n<p>https:\/\/garanajazzfestival.tictail.com\/product\/g%C4%83r%C3%A2na-jazz-festival-20<\/p>\n<p>Organizator: Asocia\u021bia Cultural\u0103 Mono \u00een parteneriat cu Funda\u021bia Cultural\u0103 Jazz Banat \u0219i Galeria Mobius.<\/p>\n<p><img fetchpriority=\"high\" decoding=\"async\" class=\"alignnone size-full wp-image-1415\" src=\"https:\/\/www.garana-jazz.ro\/wp-content\/uploads\/2017\/01\/DSC1747.jpg\" alt=\"_DSC1747\" width=\"3899\" height=\"2600\" \/> <img decoding=\"async\" class=\"alignnone size-full wp-image-1417\" src=\"https:\/\/www.garana-jazz.ro\/wp-content\/uploads\/2017\/01\/DSC1748.jpg\" alt=\"_DSC1748\" width=\"3899\" height=\"2600\" \/> <img decoding=\"async\" class=\"alignnone size-full wp-image-1419\" src=\"https:\/\/www.garana-jazz.ro\/wp-content\/uploads\/2017\/01\/DSC1751.jpg\" alt=\"_DSC1751\" width=\"3899\" height=\"2600\" \/> <img loading=\"lazy\" decoding=\"async\" class=\"alignnone size-full wp-image-1421\" src=\"https:\/\/www.garana-jazz.ro\/wp-content\/uploads\/2017\/01\/DSC1758.jpg\" alt=\"_DSC1758\" width=\"3899\" height=\"2600\" \/> <img loading=\"lazy\" decoding=\"async\" class=\"alignnone size-full wp-image-1423\" src=\"https:\/\/www.garana-jazz.ro\/wp-content\/uploads\/2017\/01\/DSC1793.jpg\" alt=\"_DSC1793\" width=\"3017\" height=\"4525\" \/> <img loading=\"lazy\" decoding=\"async\" class=\"alignnone size-full wp-image-1425\" src=\"https:\/\/www.garana-jazz.ro\/wp-content\/uploads\/2017\/01\/DSC1789.jpg\" alt=\"_DSC1789\" width=\"3017\" height=\"4525\" \/><\/p>","protected":false},"excerpt":{"rendered":"<p>Pentru unii oameni, timpul are o elasticitate. Cum \u00eei recuno\u0219ti? Sunt oamenii care se \u00eendr\u0103gostesc de clipa \u00een care sunt. De muzica pe care o aud. De oamenii din jurul lor atunci c\u00e2nd se simt bine. Probabil sunt oamenii care nu accept\u0103 c\u0103 nu po\u021bi fi fericit tot timpul, a\u0219a c\u0103 nu renun\u021b\u0103 niciodat\u0103 la [&hellip;]<\/p>","protected":false},"author":3,"featured_media":4746,"comment_status":"closed","ping_status":"closed","sticky":false,"template":"","format":"standard","meta":{"footnotes":""},"categories":[90],"tags":[],"class_list":["post-1869","post","type-post","status-publish","format-standard","has-post-thumbnail","hentry","category-90"],"_links":{"self":[{"href":"https:\/\/garana-jazz.ro\/en\/wp-json\/wp\/v2\/posts\/1869","targetHints":{"allow":["GET"]}}],"collection":[{"href":"https:\/\/garana-jazz.ro\/en\/wp-json\/wp\/v2\/posts"}],"about":[{"href":"https:\/\/garana-jazz.ro\/en\/wp-json\/wp\/v2\/types\/post"}],"author":[{"embeddable":true,"href":"https:\/\/garana-jazz.ro\/en\/wp-json\/wp\/v2\/users\/3"}],"replies":[{"embeddable":true,"href":"https:\/\/garana-jazz.ro\/en\/wp-json\/wp\/v2\/comments?post=1869"}],"version-history":[{"count":0,"href":"https:\/\/garana-jazz.ro\/en\/wp-json\/wp\/v2\/posts\/1869\/revisions"}],"wp:featuredmedia":[{"embeddable":true,"href":"https:\/\/garana-jazz.ro\/en\/wp-json\/wp\/v2\/media\/4746"}],"wp:attachment":[{"href":"https:\/\/garana-jazz.ro\/en\/wp-json\/wp\/v2\/media?parent=1869"}],"wp:term":[{"taxonomy":"category","embeddable":true,"href":"https:\/\/garana-jazz.ro\/en\/wp-json\/wp\/v2\/categories?post=1869"},{"taxonomy":"post_tag","embeddable":true,"href":"https:\/\/garana-jazz.ro\/en\/wp-json\/wp\/v2\/tags?post=1869"}],"curies":[{"name":"wp","href":"https:\/\/api.w.org\/{rel}","templated":true}]}}