{"id":1870,"date":"2017-02-16T08:44:58","date_gmt":"2017-02-16T08:44:58","guid":{"rendered":"http:\/\/www.garana-jazz.ro\/?p=1450"},"modified":"2024-02-15T13:26:53","modified_gmt":"2024-02-15T10:26:53","slug":"primele-trei-nume-din-lineupul-garana-21","status":"publish","type":"post","link":"https:\/\/garana-jazz.ro\/en\/primele-trei-nume-din-lineupul-garana-21\/","title":{"rendered":"G\u0103r\u00e2na Jazz Festival anun\u021b\u0103 primele trei nume din line-up-ul edi\u021biei 21"},"content":{"rendered":"<h4><em><strong>John Scofield \u00dcberjam Band, quintetul Enrico Rava-Tomasz Stanko \u0219i Tonbruket concerteaz\u0103 \u00een var\u0103 la G\u0103r\u00e2na<\/strong><\/em><\/h4>\n<p>\u00cencep\u00e2nd din aceast\u0103 lun\u0103, iubitorii de natur\u0103 \u0219i muzic\u0103 live care t\u00e2njesc dup\u0103 serile de var\u0103 cu jazz sub cerul liber \u00ee\u0219i pot planifica ie\u0219irea la a 21-a edi\u021bie a<u> <a href=\"https:\/\/www.garana-jazz.ro\/en\/\">G\u0103r\u00e2na Jazz Festival<\/a><\/u>, care va avea loc \u00eentre 6 \u0219i 9 iulie, \u00een Mun\u021bii Semenic. Americanul <strong>John Scofield<\/strong> \u0219i proiectul s\u0103u <strong>\u00dcberjam,<\/strong> quintetul <strong>Enrico Rava-Tomasz Stanko<\/strong> \u0219i suedezii de la <strong>Tonbruket<\/strong> sunt primele trei prezen\u021be anun\u021bate \u00een line-up-ul acestei edi\u021bii.<\/p>\n<p>Biletele pentru G\u0103r\u00e2na Jazz Festival au fost puse \u00een v\u00e2nzare \u00een re\u021beaua <u><a href=\"https:\/\/www.biletmaster.ro\/ron\/PlaceInfo\/2159\/Garana-Jazz-Festival?utm_source=Biletmaster&amp;utm_content=ganara%20jazz%20festival%2C%20timisoara%2C%20garana.%20jazz%2C%20aer%20liber.%20poiana%20lupului\" target=\"_blank\" rel=\"noopener\">Biletmaster.ro<\/a>,\u00a0<\/u>\u00a0la pre\u021bul de <strong>300 de lei<\/strong> \u00een varianta de abonament sau<strong> 85 de lei<\/strong> \u00een varianta de bilet pentru o singur\u0103 sear\u0103 de festival.<\/p>\n<p>Publicul se va bucura anul acesta de prezen\u021ba excep\u021bional\u0103 a lui <strong>John Scofield<\/strong>, c\u00e2\u0219tig\u0103tor a dou\u0103 premii Grammy la ceremonia din februarie 2017: cel mai bun album de jazz instrumental pentru \u201dCountry for Old Men\u201d \u0219i cea mai bun\u0103 improviza\u021bie solo jazz pentru single-ul \u201cI&#8217;m So Lonesome I Could Cry\u201d. Pionier al fusion-ului \u0219i maestru al genului bebop, funk \u0219i R&amp;B, <strong>John Scofield<\/strong> a influen\u021bat evolu\u021bia jazz-ului de la finalul anilor 70 p\u00e2n\u0103 \u00een prezent, iar chitara sa \u0219i-a f\u0103cut cunoscute acordurile pe toate continentele. Artistul \u0219i-a \u00eenceput cariera \u00een 1978 \u0219i timp de 3 ani a c\u00e2ntat \u0219i \u00eenregistrat al\u0103turi de Miles Davis, o etap\u0103 artistic\u0103 care i-a asigurat un loc stabil \u00een prim-planul jazzului interna\u021bional. A \u00eenregistrat 30 de albume care au inclus colabor\u0103ri cu muzicieni valoro\u0219i ca Pat Metheny, Charlie Haden, Eddie Harris, Medeski, Jack DeJohnette, Joe Lovano, Phil Lesh, Herbie Hancock, Joe Henderson \u0219i mul\u021bi al\u021bii. Scofield va fi \u00eenso\u021bit pe scena g\u0103r\u00e2nez\u0103 de alte trei prezen\u021be speciale: tobo\u0219arul <strong>Dennis Chambers<\/strong>, chitaristul <strong>Avi Bortnick<\/strong> \u0219i basistului <strong>Andy Hess<\/strong>. Va fi o formul\u0103 muzical\u0103 de excep\u021bie care va ajunge \u00een Mun\u021bii Semenic dup\u0103 ce va \u00eenc\u00e2nta iubitorii de jazz prezen\u021bi la cea de-a 51-a edi\u021bie a prestigiosului Montreux Jazz Festival. <u><a href=\"https:\/\/www.youtube.com\/watch?v=uTtilMeCnPQ\" target=\"_blank\" rel=\"noopener\">Video.<\/a><\/u><\/p>\n<p><img fetchpriority=\"high\" decoding=\"async\" class=\"size-medium wp-image-1468 aligncenter\" src=\"https:\/\/www.garana-jazz.ro\/wp-content\/uploads\/2017\/02\/Scofield-1-300x200.jpg\" alt=\"Scofield\" width=\"300\" height=\"200\" \/><\/p>\n<p>Pe aceea\u0219i scen\u0103 vor urca \u0219i dou\u0103 dintre cele mai importante legende ale jazz-ului european, trompeti\u0219tii <strong>Enrico Rava<\/strong> \u0219i <strong>Tomasz Stanko<\/strong>, al\u0103turi de <strong>Giovanni Guidi<\/strong> la pian, <strong>Reuben Rogers<\/strong> la chitar\u0103 bas \u0219i <strong>Gerard Clever<\/strong> la tobe. O premier\u0103 pentru lumea muzical\u0103 interna\u021bional\u0103, acest proiect inedit mixeaz\u0103 energia jazzului european cu for\u021ba jazzului american. Nu va fi un jam session sau un r\u0103zboi al trompetelor, ci o explorare profund\u0103 a legendelor jazz-ului, o \u00eent\u00e2lnire \u00eentre personalit\u0103\u021bi artistice puternice capabile s\u0103-\u0219i pun\u0103 la un loc sensibilitatea \u0219i creativitatea pentru a spune aceea\u0219i poveste. <strong>Enrico Rava<\/strong>, esen\u021ba efervescen\u021bei jazzului italian, va ajunge \u00een premier\u0103 la G\u0103r\u00e2na \u00een aceast\u0103 var\u0103.<\/p>\n<p><img decoding=\"async\" class=\"size-full wp-image-1453 aligncenter\" src=\"https:\/\/www.garana-jazz.ro\/wp-content\/uploads\/2017\/02\/Stanko-Rava-2017-1024x838.jpg\" alt=\"Stanko-Rava-2017-1024x838\" width=\"733\" height=\"600\" \/><\/p>\n<p><strong>Tonbruket<\/strong>, forma\u021bia suedez\u0103 care a c\u00e2ntat la G\u0103r\u00e2na \u00een 2010, revine \u00een poian\u0103 dup\u0103 \u0219apte ani cu un album nou, <em>Forevergreens<\/em>, lansat \u00een prim\u0103vara anului trecut. \u00cen frunte cu Dan Berglund, muzicianul care a f\u0103cut parte din \u00eendr\u0103gitul grup EST, Tonbruket va readuce la festival stilul crossover \u0219i farmecul jazz-ului suedez pres\u0103rat mereu cu improviza\u021bie nea\u0219teptat\u0103 \u0219i vibra\u021bii profunde. <u><a href=\"https:\/\/www.youtube.com\/watch?v=-eFjE_FHe3Q\" target=\"_blank\" rel=\"noopener\">Video.<\/a><\/u><\/p>\n<p>Se anun\u021b\u0103 un program muzical \u00eenc\u0103rcat cu trupe legendare \u0219i prezen\u021be deschiz\u0103toare de drum \u00een lumea jazz-ului european \u0219i american. La edi\u021bia 2017, concertele \u0219i evenimentele adiacente G\u0103r\u00e2na Jazz Festival se vor desf\u0103\u0219ura pe trei scene din Mun\u021bii Banatului, \u00eentre 6 \u0219i 9 iulie.<\/p>\n<p>&nbsp;<\/p>","protected":false},"excerpt":{"rendered":"<p>John Scofield \u00dcberjam Band, quintetul Enrico Rava-Tomasz Stanko \u0219i Tonbruket concerteaz\u0103 \u00een var\u0103 la G\u0103r\u00e2na \u00cencep\u00e2nd din aceast\u0103 lun\u0103, iubitorii de natur\u0103 \u0219i muzic\u0103 live care t\u00e2njesc dup\u0103 serile de var\u0103 cu jazz sub cerul liber \u00ee\u0219i pot planifica ie\u0219irea la a 21-a edi\u021bie a G\u0103r\u00e2na Jazz Festival, care va avea loc \u00eentre 6 \u0219i [&hellip;]<\/p>","protected":false},"author":3,"featured_media":4747,"comment_status":"closed","ping_status":"closed","sticky":false,"template":"","format":"standard","meta":{"footnotes":""},"categories":[90],"tags":[],"class_list":["post-1870","post","type-post","status-publish","format-standard","has-post-thumbnail","hentry","category-90"],"_links":{"self":[{"href":"https:\/\/garana-jazz.ro\/en\/wp-json\/wp\/v2\/posts\/1870","targetHints":{"allow":["GET"]}}],"collection":[{"href":"https:\/\/garana-jazz.ro\/en\/wp-json\/wp\/v2\/posts"}],"about":[{"href":"https:\/\/garana-jazz.ro\/en\/wp-json\/wp\/v2\/types\/post"}],"author":[{"embeddable":true,"href":"https:\/\/garana-jazz.ro\/en\/wp-json\/wp\/v2\/users\/3"}],"replies":[{"embeddable":true,"href":"https:\/\/garana-jazz.ro\/en\/wp-json\/wp\/v2\/comments?post=1870"}],"version-history":[{"count":0,"href":"https:\/\/garana-jazz.ro\/en\/wp-json\/wp\/v2\/posts\/1870\/revisions"}],"wp:featuredmedia":[{"embeddable":true,"href":"https:\/\/garana-jazz.ro\/en\/wp-json\/wp\/v2\/media\/4747"}],"wp:attachment":[{"href":"https:\/\/garana-jazz.ro\/en\/wp-json\/wp\/v2\/media?parent=1870"}],"wp:term":[{"taxonomy":"category","embeddable":true,"href":"https:\/\/garana-jazz.ro\/en\/wp-json\/wp\/v2\/categories?post=1870"},{"taxonomy":"post_tag","embeddable":true,"href":"https:\/\/garana-jazz.ro\/en\/wp-json\/wp\/v2\/tags?post=1870"}],"curies":[{"name":"wp","href":"https:\/\/api.w.org\/{rel}","templated":true}]}}