{"id":1871,"date":"2017-04-10T12:33:28","date_gmt":"2017-04-10T12:33:28","guid":{"rendered":"http:\/\/www.garana-jazz.ro\/?p=1492"},"modified":"2024-02-16T18:13:24","modified_gmt":"2024-02-16T15:13:24","slug":"bill-frisell-si-david-torn-aduc-avangarda-jazz-ului-american-la-garana-jazz-festival-21","status":"publish","type":"post","link":"https:\/\/garana-jazz.ro\/en\/bill-frisell-si-david-torn-aduc-avangarda-jazz-ului-american-la-garana-jazz-festival-21\/","title":{"rendered":"Bill Frisell, David Torn \u0219i Melt Trio confirma\u021bi pentru G\u0103r\u00e2na Jazz Festival 21"},"content":{"rendered":"<h4 style=\"text-align: center;\">C\u0103l\u0103torii muzicale \u00een v\u00e2rf de munte, \u00eentre 6 \u0219i 9 iulie<\/h4>\n<p><strong>Bill Frisell Trio<\/strong> \u0219i <strong>David Torn<\/strong>, al\u0103turi de proiectul sau muzical <strong>Sun of Goldfinger<\/strong>, completeaz\u0103 line-up-ul edi\u021biei 21 <strong><a href=\"https:\/\/www.facebook.com\/events\/1501750933173452\/\" target=\"_blank\" rel=\"noopener\">G\u0103r\u00e2na Jazz Festival<\/a><\/strong>, ce va prinde via\u021b\u0103 \u00eentre 6 \u0219i 9 iulie \u00een Mun\u021bii Banatului, la G\u0103r\u00e2na (jude\u021bul Cara\u0219-Severin). Scena de anul acesta va g\u0103zdui dou\u0103 prezen\u021be care au marcat istoria recent\u0103 a muzicii americane, dou\u0103 personalit\u0103\u021bi artistice diferite, dar la fel de puternice \u0219i conving\u0103toare \u00een a face din jazz un limbaj al prezentului. O alt\u0103 noutate \u00een programul festivalului este concertul muzicienilor germani <strong>Melt Trio<\/strong>, amestec proasp\u0103t de indie-rock \u0219i jazz preg\u0103tit s\u0103 \u00eenc\u0103lzeasc\u0103 atmosfera serilor de var\u0103 r\u0103coroase din \u00eemprejurimile G\u0103r\u00e2nei.<\/p>\n<p><img fetchpriority=\"high\" decoding=\"async\" class=\"alignnone wp-image-1497 size-large\" src=\"https:\/\/www.garana-jazz.ro\/wp-content\/uploads\/2017\/04\/Bill-Frisell-solo-pressphoto_MARE-1-1024x766.jpg\" alt=\"Bill Frisell solo pressphoto_MARE\" width=\"1024\" height=\"766\" \/><\/p>\n<p><strong><a href=\"https:\/\/www.youtube.com\/watch?v=ifr8IowlQIM&amp;t=1053s\" target=\"_blank\" rel=\"noopener\">Bill Frisell<\/a><\/strong> a fost comparat de revista <strong>The New Yorker<\/strong> cu Miles Davis, \u00een privin\u021ba m\u0103iestriei de a m\u00e2nui chitara. <em>\u201d\u00cen m\u00e2inile unor astfel de creatori radicali, instrumentele muzicale prind via\u021b\u0103 proprie\u201d<\/em>. \u00a0Recunoscut \u00eenc\u0103 din anii 80 ca unul dintre chitari\u0219tii vizionari ai jazz-ului, Frisell \u0219i-a pus amprenta pe era de glorie a jazz-ului new yorkez \u0219i a continuat s\u0103 creeze constant, \u00eentr-un stil eclectic ce mixeaz\u0103 folk-ul cu muzic\u0103 country, recunoscut mereu pentru efectele unice ale chitarei sale.<\/p>\n<p>\u00cen 2004 a c\u00e2\u0219tigat premiul Grammy pentru cel mai bun album de jazz contemporan cu \u201dUnspeakable\u201d. \u00centreaga sa via\u021ba \u0219i carier\u0103 a fascinat lumea artistic\u0103, fiind subiect de inspira\u021bie pentru documentarul <em>Bill Frisell \u2013 A portrait, <\/em>lansat \u00een martie 2017.<\/p>\n<p><em>\u201d\u00cen ultimii 10 ani Bill Frisell a fost una dintre cele mai sclipitoare \u0219i originale prezen\u021be din lumea chitari\u0219tilor de jazz, dup\u0103 <\/em><em>Wes Montgomery. Ar putea fi, f\u0103r\u0103 \u00eendoial\u0103, unul dintre cei mai promi\u021b\u0103tori compozitori pe care-i are scena american\u0103 \u00een acest moment\u201d, <\/em>apreciaz\u0103 publica\u021bia <strong>Stereophile<\/strong>.<\/p>\n<p>Influen\u021ba muzical\u0103 enorm\u0103 a lui Bill Frisell este reiterat\u0103 constant de pres\u0103, care-l descrie ca cea mai prolific\u0103 media\u021bie asupra muzicii americane \u2013 <em>\u201dFrisell a g\u0103sit puntea magic\u0103 care conecteaz\u0103 jazzul cu muzica rock \u0219i country: improviza\u021bia \u0219i sim\u021bul ritmului\u201d. <\/em>Bill Frisel va fi prezent pentru a doua oar\u0103 la G\u0103r\u00e2na Jazz Festival, \u00eentr-un trio special, al\u0103turi de <strong>Tony Scherr<\/strong> la bass \u0219i\u00a0<strong>Kenny Wollesen<\/strong> la tobe, unul dintre cele mai flexibile \u0219i spontane grupuri \u00een care a c\u00e2ntat vreodat\u0103, dup\u0103 cum el \u00eensu\u0219i \u00eel descrie.<\/p>\n<p>Pe aceea\u0219i scen\u0103 va urca \u0219i <strong>David Torn<\/strong> cu proiectul inedit <strong>Sun Of Goldfinger<\/strong>, al\u0103turi de <strong>Tim Berne<\/strong> la saxofon \u0219i <strong>Ches Smith<\/strong> la tobe. Trei muzicieni comple\u021bi vor \u00eempinge jazz-ul dincolo de grani\u021bele cunoscute, \u00eentr-o prezen\u021b\u0103\u00a0 plin\u0103 de improviza\u021bie, cu efecte minimaliste \u0219i cinematice conturate de treceri surprinz\u0103toare. De\u0219i fiecare are un stil definit \u0219i o influen\u021b\u0103 clar\u0103 \u00een parcursul recent al muzicii americane, \u00eempreun\u0103 formeaz\u0103 o\u00a0 unitate \u00eenchegat\u0103, determinat\u0103 s\u0103 provoace o c\u0103l\u0103torie sonor\u0103 pe teritorii cunoscute \u0219i necunoscute.<strong> Sun of Goldfinger <\/strong>va fi reprezentarea ideal\u0103 a felului \u00een care ar suna viitorul jazz-ului, o experien\u021b\u0103 curajoas\u0103 pentru iubitorii de jazz din G\u0103r\u00e2na dar \u0219i ocazia de a-l cunoa\u0219te pe David Torn pentru prima dat\u0103 \u00een Rom\u00e2nia. Maestru al combin\u0103rii muzicii electronice cu instrumente acustice, David Torn este chitaristul care a acompaniat cei mai \u00een vog\u0103 arti\u0219ti ai fiec\u0103rei genera\u021biei prin care a trecut. Chitara sa a contribuit la compozi\u021biile lui David Bowie, John Legend, Madonna, Tori Amos, Bill Bruford, Mick Karn, Steve Roach, Matt Chamberlain. \u00cen 2016 \u0219i-a lansat albumul solo \u201dOnly Sky\u201d, aclamat de public \u0219i descris de publica\u021bia The Guardian ca <em>\u201dun peisaj muzical vast, furtunos, de inspira\u021bie Hendrixian\u0103, care reu\u0219e\u0219te s\u0103 te cople\u0219easc\u0103\u201d.<\/em><\/p>\n<p>Grupul german <strong>Melt Trio<\/strong>, format din fra\u021bii Peter Meyer (chitar\u0103), Bernhard Meyer (bas) \u0219i Moritz Baumgartner (tobe), revine \u00een Rom\u00e2nia pentru a provoca ascult\u0103torii g\u0103r\u00e2nezi la o nou\u0103 c\u0103l\u0103torie muzical\u0103. Ca un \u201dmelting pot\u201d al jazz-ului de improviza\u021bie, muzicii clasice, rock \u0219i ambientale, caruselul de st\u0103ri al trio-ului european este dat de o prezen\u021b\u0103 neconven\u021bional\u0103 \u0219i profund\u0103, dar niciodat\u0103 previzibil\u0103. <strong>Melt Trio<\/strong> va interpreta compozi\u021biile de pe cel mai recent album, <em>Story<\/em>, lansat \u00een septembrie 2016.<\/p>\n<p><strong>G\u0103rana Jazz Festival 2017<\/strong> va avea loc \u00eentre 6 \u0219i 9 iulie pe trei scene din Mun\u021bii Banatului: Poaiana Lupului, satul G\u0103r\u00e2na \u0219i biserica din V\u0103liug. Biletele pot fi achizi\u021bionate online, \u00een avans prin <u><a href=\"https:\/\/www.biletmaster.ro\/ron\/PlaceInfo\/2159\/Garana-Jazz-Festival?utm_source=Biletmaster&amp;utm_content=ganara%20jazz%20festival%2C%20timisoara%2C%20garana.%20jazz%2C%20aer%20liber.%20poiana%20lupului\" target=\"_blank\" rel=\"noopener\">Biletmaster.ro<\/a><\/u>, la pre\u021bul de 300 de lei \u00een varianta de abonament pentru patru zile de concerte sau 85 de lei \u00een varianta de bilet pentru o singur\u0103 sear\u0103 de festival.<\/p>\n<p>&nbsp;<\/p>","protected":false},"excerpt":{"rendered":"<p>C\u0103l\u0103torii muzicale \u00een v\u00e2rf de munte, \u00eentre 6 \u0219i 9 iulie Bill Frisell Trio \u0219i David Torn, al\u0103turi de proiectul sau muzical Sun of Goldfinger, completeaz\u0103 line-up-ul edi\u021biei 21 G\u0103r\u00e2na Jazz Festival, ce va prinde via\u021b\u0103 \u00eentre 6 \u0219i 9 iulie \u00een Mun\u021bii Banatului, la G\u0103r\u00e2na (jude\u021bul Cara\u0219-Severin). Scena de anul acesta va g\u0103zdui dou\u0103 [&hellip;]<\/p>","protected":false},"author":3,"featured_media":1493,"comment_status":"closed","ping_status":"closed","sticky":false,"template":"","format":"standard","meta":{"footnotes":""},"categories":[90],"tags":[],"class_list":["post-1871","post","type-post","status-publish","format-standard","has-post-thumbnail","hentry","category-90"],"_links":{"self":[{"href":"https:\/\/garana-jazz.ro\/en\/wp-json\/wp\/v2\/posts\/1871","targetHints":{"allow":["GET"]}}],"collection":[{"href":"https:\/\/garana-jazz.ro\/en\/wp-json\/wp\/v2\/posts"}],"about":[{"href":"https:\/\/garana-jazz.ro\/en\/wp-json\/wp\/v2\/types\/post"}],"author":[{"embeddable":true,"href":"https:\/\/garana-jazz.ro\/en\/wp-json\/wp\/v2\/users\/3"}],"replies":[{"embeddable":true,"href":"https:\/\/garana-jazz.ro\/en\/wp-json\/wp\/v2\/comments?post=1871"}],"version-history":[{"count":0,"href":"https:\/\/garana-jazz.ro\/en\/wp-json\/wp\/v2\/posts\/1871\/revisions"}],"wp:featuredmedia":[{"embeddable":true,"href":"https:\/\/garana-jazz.ro\/en\/wp-json\/wp\/v2\/media\/1493"}],"wp:attachment":[{"href":"https:\/\/garana-jazz.ro\/en\/wp-json\/wp\/v2\/media?parent=1871"}],"wp:term":[{"taxonomy":"category","embeddable":true,"href":"https:\/\/garana-jazz.ro\/en\/wp-json\/wp\/v2\/categories?post=1871"},{"taxonomy":"post_tag","embeddable":true,"href":"https:\/\/garana-jazz.ro\/en\/wp-json\/wp\/v2\/tags?post=1871"}],"curies":[{"name":"wp","href":"https:\/\/api.w.org\/{rel}","templated":true}]}}