{"id":1872,"date":"2017-04-25T08:23:04","date_gmt":"2017-04-25T08:23:04","guid":{"rendered":"http:\/\/www.garana-jazz.ro\/?p=1536"},"modified":"2024-02-16T18:14:10","modified_gmt":"2024-02-16T15:14:10","slug":"omar-sosa-quarteto-afro-cubano-la-garana-21","status":"publish","type":"post","link":"https:\/\/garana-jazz.ro\/en\/omar-sosa-quarteto-afro-cubano-la-garana-21\/","title":{"rendered":"Omar Sosa Quarteto Afro Cubano la G\u0103r\u00e2na 21"},"content":{"rendered":"<h4 style=\"text-align: center;\">Cuba r\u0103sun\u0103 din mun\u021bii G\u0103r\u00e2nei pe 8 iulie<\/h4>\n<p>\u00cendr\u0103gostit de Cuba, de pian \u0219i de oameni, <strong>Omar Sosa<\/strong> a \u0219tiut cum s\u0103 molipseasc\u0103 o lume \u00eentreag\u0103 de frenezia muzicii afro-cubaneze. <strong>Pe 8 iulie<\/strong>, artistul va \u00eembl\u00e2nzi a treia sear\u0103 a festivalului de jazz de la G\u0103r\u00e2na al\u0103turi de quartet-ul <strong>Afro Cubano<\/strong>, o formul\u0103 care exploreaz\u0103 sinergia dintre muzica afro-american\u0103, hip-hop \u0219i muzic\u0103 clasic\u0103.<\/p>\n<p>Nominalizat de 7 ori la premiile Grammy, <strong>Omar Sosa<\/strong> \u00ee\u0219i va prezenta la G\u0103r\u00e2na cel mai recent album, <em>Il\u00e9<\/em>, un tribut muzical adus r\u0103d\u0103cinilor sale artistice, c\u0103utate cu pasiune \u00een muzica Havanei din anii `80 \u0219i \u00eenceputul anilor `90. <em>Ile <\/em>\u00eenseamn\u0103, \u00een traducere liber\u0103<em>, \u201dt\u0103r\u00e2mul de acas\u0103\u201d.<\/em> Albumul este f\u0103r\u0103 \u00eendoial\u0103 o \u00eentoarcere acas\u0103, la r\u0103d\u0103cinile cubaneze, la sunetele pe care Omar le auzea \u00een copil\u0103rie. Urechile iubitorilor de jazz vor c\u0103l\u0103tori \u00een peisajul muzical ce p\u0103streaz\u0103 intacte influen\u021bele Africane, dar le mixeaz\u0103 cu armonia jazz-ului din Vest.<\/p>\n<p><iframe src=\"https:\/\/www.youtube.com\/embed\/-wTQJ9Rwnbg?list=PLYBtz0bxHEV5O4S9T5TdUC0-bTRzsDsdR\" width=\"560\" height=\"315\" frameborder=\"0\" allowfullscreen=\"allowfullscreen\" data-mce-fragment=\"1\"><\/iframe><\/p>\n<p><strong>Omar Sosa<\/strong> a emigrat \u00een 1993 din Cuba, a ajuns \u00een Ecuador \u0219i SUA \u0219i s-a stabilit \u00een Barcelona \u00een 1999, iar \u00eentregul parcurs geografic i-a marcat rela\u021bia cu muzica, flexibilitatea \u0219i u\u0219urin\u021ba cu care fuzioneaz\u0103 jazz-ul de improviza\u021bie cu world-music \u0219i electronic, ca nimeni altcineva. Omar Sosa este promotorul unor experimente muzicale \u00a0ce scot la lumin\u0103 o energie unic\u0103.<\/p>\n<p>Al\u0103turi de Omar Sosa, pe scen\u0103 vor urca \u0219i <strong>Leandro Saint-Hill<\/strong> (saxofon \u0219i flaut), <strong>Childo Tomas<\/strong> (voce \u0219i bas) \u0219i <strong>Ernesto Simpson<\/strong> (tobe), <strong>trei muzicieni<\/strong> care \u00eemp\u0103rt\u0103\u0219esc aceea\u0219i libertate de expresie specific\u0103 muzicii afro-cubaneze.<\/p>\n<p><iframe src=\"https:\/\/www.youtube.com\/embed\/id6wZ8Ew9DE\" width=\"560\" height=\"315\" frameborder=\"0\" allowfullscreen=\"allowfullscreen\" data-mce-fragment=\"1\"><\/iframe><\/p>\n<p><strong><a href=\"https:\/\/www.facebook.com\/events\/1501750933173452\/\" target=\"_blank\" rel=\"noopener\">G\u0103rana Jazz Festival 2017<\/a><\/strong> va avea loc \u00eentre <strong>6 \u0219i 9 iulie<\/strong> pe trei scene din Mun\u021bii Banatului: Poiana Lupului, satul G\u0103r\u00e2na \u0219i biserica din V\u0103liug. \u00cen line-up-ul edi\u021biei 21 se anun\u021b\u0103 voci legendare ale jazz-ului american \u0219i european, \u00eentre care John Scofield, Bill Frisell, David Torn, Enrico Rava \u2013 Tomasz Stanko Quintet, Tonbruket \u0219i mul\u021bi al\u021bii. Biletele pot fi achizi\u021bionate online, \u00een avans prin <strong><u><a href=\"https:\/\/www.biletmaster.ro\/ron\/PlaceInfo\/2159\/Garana-Jazz-Festival?utm_source=Biletmaster&amp;utm_content=ganara%20jazz%20festival%2C%20timisoara%2C%20garana.%20jazz%2C%20aer%20liber.%20poiana%20lupului\" target=\"_blank\" rel=\"noopener\">Biletmaster.ro<\/a><\/u><\/strong>, la pre\u021bul de 300 de lei \u00een varianta de abonament valabil pentru patru seri de concerte, sau 85 de lei, \u00een varianta de bilet pentru o singur\u0103 sear\u0103 de festival. Programul festivalului poate fi consultat pe <a href=\"https:\/\/garana-jazz.ro\/en\/\">www.garana-jazz.ro<\/a> \u0219i <a href=\"https:\/\/www.facebook.com\/events\/1501750933173452\/\" target=\"_blank\" rel=\"noopener\">www.facebook.com\/GaranaJazzFestival.<\/a> Mai multe detalii despre drum \u0219i cazare sunt disponibile pe <a href=\"\/en\/?page_id=314\">www.garana-jazz.ro\/cum-ajungi<\/a>.<\/p>","protected":false},"excerpt":{"rendered":"<p>Cuba r\u0103sun\u0103 din mun\u021bii G\u0103r\u00e2nei pe 8 iulie \u00cendr\u0103gostit de Cuba, de pian \u0219i de oameni, Omar Sosa a \u0219tiut cum s\u0103 molipseasc\u0103 o lume \u00eentreag\u0103 de frenezia muzicii afro-cubaneze. Pe 8 iulie, artistul va \u00eembl\u00e2nzi a treia sear\u0103 a festivalului de jazz de la G\u0103r\u00e2na al\u0103turi de quartet-ul Afro Cubano, o formul\u0103 care exploreaz\u0103 [&hellip;]<\/p>","protected":false},"author":3,"featured_media":4803,"comment_status":"closed","ping_status":"closed","sticky":false,"template":"","format":"standard","meta":{"footnotes":""},"categories":[90],"tags":[72,73,74],"class_list":["post-1872","post","type-post","status-publish","format-standard","has-post-thumbnail","hentry","category-90","tag-garana2017","tag-garanajazzfestival21","tag-omarsosa"],"_links":{"self":[{"href":"https:\/\/garana-jazz.ro\/en\/wp-json\/wp\/v2\/posts\/1872","targetHints":{"allow":["GET"]}}],"collection":[{"href":"https:\/\/garana-jazz.ro\/en\/wp-json\/wp\/v2\/posts"}],"about":[{"href":"https:\/\/garana-jazz.ro\/en\/wp-json\/wp\/v2\/types\/post"}],"author":[{"embeddable":true,"href":"https:\/\/garana-jazz.ro\/en\/wp-json\/wp\/v2\/users\/3"}],"replies":[{"embeddable":true,"href":"https:\/\/garana-jazz.ro\/en\/wp-json\/wp\/v2\/comments?post=1872"}],"version-history":[{"count":0,"href":"https:\/\/garana-jazz.ro\/en\/wp-json\/wp\/v2\/posts\/1872\/revisions"}],"wp:featuredmedia":[{"embeddable":true,"href":"https:\/\/garana-jazz.ro\/en\/wp-json\/wp\/v2\/media\/4803"}],"wp:attachment":[{"href":"https:\/\/garana-jazz.ro\/en\/wp-json\/wp\/v2\/media?parent=1872"}],"wp:term":[{"taxonomy":"category","embeddable":true,"href":"https:\/\/garana-jazz.ro\/en\/wp-json\/wp\/v2\/categories?post=1872"},{"taxonomy":"post_tag","embeddable":true,"href":"https:\/\/garana-jazz.ro\/en\/wp-json\/wp\/v2\/tags?post=1872"}],"curies":[{"name":"wp","href":"https:\/\/api.w.org\/{rel}","templated":true}]}}