{"id":1873,"date":"2017-05-18T12:35:44","date_gmt":"2017-05-18T12:35:44","guid":{"rendered":"http:\/\/www.garana-jazz.ro\/?p=1578"},"modified":"2024-02-17T15:36:41","modified_gmt":"2024-02-17T12:36:41","slug":"12-trupe-internationale-la-garana-jazz-21","status":"publish","type":"post","link":"https:\/\/garana-jazz.ro\/en\/12-trupe-internationale-la-garana-jazz-21\/","title":{"rendered":"12 trupe interna\u021bionale \u0219i 4 zile de jazz la poalele Mun\u021bilor Semenic"},"content":{"rendered":"<p style=\"text-align: justify;\">Au mai r\u0103mas mai pu\u021bin de dou\u0103 luni p\u00e2n\u0103 la cel mai intens eveniment de jazz al anului. La 1000 de metri altitudine, sus \u00een mun\u021bi, \u00eentre p\u0103duri, dealuri, lacuri \u0219i r\u00e2uri, \u00eencepe fream\u0103tul preg\u0103tirilor care anun\u021b\u0103 a 21-a edi\u021bie G\u0103r\u00e2na Jazz Festival, o experien\u021b\u0103 de festival unic\u0103 \u00een Europa, care \u0219i-a p\u0103strat misiunea de a celebra an de an \u00eent\u00e2lnirea dintre natur\u0103 \u0219i muzic\u0103 live. Din <strong>SUA, Norvegia, Cuba, Suedia, Italia, Vietnam, Austria sau Germania<\/strong> vin sunetele care vor umple anul acesta scena principal\u0103 din Poiana Lupului: un line-up divers care te poart\u0103 \u00een locuri necunoscute, deschiz\u00e2nd drumul spre noi descoperiri muzicale.<\/p>\n<p style=\"text-align: justify;\">Chitaristul austriac <strong>Wolfgang Muthspiel<\/strong>, descris de New York Times<em> \u201detalonul genera\u021biei de chitari\u0219ti de jazz contemporan\u201d<\/em>, \u00ee\u0219i va uni for\u021bele cu tobo\u0219arul<strong> Jeff Ballard<\/strong>, trompetistul <strong>Ralph Alessi<\/strong>, pianistul <strong>Gwilym Simcock<\/strong> \u0219i basistul <strong>Larry Grenadier<\/strong>. G\u0103r\u00e2na deschide prima zi de festival, joi, 6 iulie, cu un quintet exploziv, care fuzioneaz\u0103 vibra\u021biile funky ale muzicii soul-bop din anii 60, cu accente flamenco \u0219i sunete inspirate de universul acustic al lui Miles Davis.<\/p>\n<p><iframe src=\"https:\/\/www.youtube.com\/embed\/ERF6wBQV7sA\" width=\"560\" height=\"315\" frameborder=\"0\" allowfullscreen=\"allowfullscreen\" data-mce-fragment=\"1\"><\/iframe><\/p>\n<p>Li se al\u0103tur\u0103, ca new-entry \u00een programul G\u0103rana, Hakon Kornstad Quartet, \u00een frunte cu renumitul saxofonist norvegian <strong>H\u00e5kon Kornstad<\/strong>, un muzician complet cu tehnic\u0103 solid\u0103 care s-a remarcat prin melodii lirice suprapuse peste straturi sonore \u0219i acompaniamente orchestrale, inspirat mereu de pasiunea pentru oper\u0103. \u201dPentru oricine are un minim interes \u00een a descoperi opera sau muzica jazz, Kornstad reprezint\u0103 un muzician care trebuie ascultat m\u0103car o dat\u0103 \u00een via\u021b\u0103. O legend\u0103 modern\u0103 a muzicii jazz\u201d, titreaz\u0103 publica\u021bia The Journal.<\/p>\n<p style=\"text-align: justify;\">O prezen\u021b\u0103 complet inedit\u0103 \u00een programul G\u0103r\u00e2na Jazz Festival va fi grupul <strong>H\u00c0 N\u00d4I DUO and friends,<\/strong> format din chitaristul <strong>Nguy\u00ean L\u00ea<\/strong>, muzician vietnamez n\u0103scut \u00een Paris \u0219i t\u00e2n\u0103rul artist <strong>Ng\u00f4 Hong Quang.<\/strong> \u00cempreun\u0103 aduc la via\u021b\u0103 \u201dsufletul Vietnamului\u201d, o c\u0103l\u0103torie muzical\u0103 surprinz\u0103toare care te poart\u0103 printre nori \u00een mun\u021bii vietnamezi \u0219i apoi te readuce \u00eentr-o furtun\u0103 electric\u0103 provocat\u0103 cu m\u0103iestrie de chitara lui L\u00ea. O experien\u021b\u0103 muzical\u0103 cu jazz asiatic, nemai\u00eent\u00e2lnit\u0103 de publicul rom\u00e2n, se va dezl\u0103n\u021buie vineri, pe 7 iulie, \u00een Poiana Lupului.<\/p>\n<p><iframe src=\"https:\/\/www.youtube.com\/embed\/_-UpZC3xSuo\" width=\"560\" height=\"315\" frameborder=\"0\" allowfullscreen=\"allowfullscreen\" data-mce-fragment=\"1\"><\/iframe><\/p>\n<p style=\"text-align: justify;\">Pianistul suedez <strong>Bobo Stenson<\/strong>, una dintre cele mai importante personalit\u0103\u021bi ale jazz-ului European, va \u00eenchide ultima sear\u0103 de festival, duminic\u0103, 9 iulie. Bobo Stenson, recunoscut \u00een toate col\u021burile lumii pentru stilul inconfundabil, a c\u00e2ntat ani \u00een \u0219ir al\u0103turi de mari muzicieni de jazz, arti\u0219ti precum Charles Lloyd sau trompetistul Donald Cherry. O rena\u0219tere modern\u0103 a trio-ului de piano e adus\u0103 la via\u021b\u0103 de Bobo Stenson sub un principiu simplu \u0219i seren: arta de a l\u0103sa melodia s\u0103 curg\u0103 \u00een voie. F\u0103r\u0103 prea multe interven\u021bii, jazz-ul suedez \u00ee\u0219i croie\u0219te drumul spre urechile \u0219i sufletul fiec\u0103rui ascult\u0103tor prezent la edi\u021bia 21 a festivalului din G\u0103r\u00e2na, a\u0219a cum a f\u0103cut-o \u00een ultimele dou\u0103 decenii.<\/p>\n<p><iframe src=\"https:\/\/www.youtube.com\/embed\/gfvB4QW73lo\" width=\"560\" height=\"315\" frameborder=\"0\" allowfullscreen=\"allowfullscreen\" data-mce-fragment=\"1\"><\/iframe><\/p>\n<p>Line-up-ul interna\u021bional G\u0103r\u00e2na Jazz Festival este completat de <strong>Vasil Had\u017eimanov Band, <\/strong>trupa din Serbia recunoscut\u0103 pentru mixul de jazz, funk \u0219i world music, un sound balcanic care anun\u021b\u0103 un concert plin de energie \u0219i improviza\u021bie.<\/p>\n<p><iframe src=\"https:\/\/www.youtube.com\/embed\/QgLYefjdB1E\" width=\"560\" height=\"315\" frameborder=\"0\" allowfullscreen=\"allowfullscreen\" data-mce-fragment=\"1\"><\/iframe><\/p>\n<p><span style=\"text-align: justify;\">G\u0103rana Jazz Festival 2017 va avea loc \u00eentre 6 \u0219i 9 iulie pe trei scene din Mun\u021bii Banatului: Poaiana Lupului, satul G\u0103r\u00e2na \u0219i biserica din V\u0103liug. Line-up-ul interna\u021bional G\u0103r\u00e2na Jazz Festival include 11 grupe muzicale de excep\u021bie, \u00eentre care: Tonbruket, Melt Trio, Bill Frisell Trio, Enrico Rava &#8211; Tomasz Stanko Quintet, David Torn Sun of Goldfinger, Omar Sosa Quarteto Afrocubano, John Scofield Uberjam Band, Wolfgang Muthspiel, H\u00e5kon Kornstad, H\u00c0 N\u00d4I DUO \u0219i Bobo Stenson Trio.<\/span><\/p>\n<p style=\"text-align: justify;\">Biletele pot fi achizi\u021bionate online, \u00een avans prin <a href=\"https:\/\/www.bilete.ro\/garana-jazz-festival-2017\/\" target=\"_blank\" rel=\"noopener\">Bilete.ro<\/a>\u00a0si Biletmaster.ro, la pre\u021bul de 300 de lei \u00een varianta de abonament pentru patru zile de concerte sau 85 de lei \u00een varianta de bilet pentru o singur\u0103 sear\u0103 de festival.<\/p>","protected":false},"excerpt":{"rendered":"<p>Au mai r\u0103mas mai pu\u021bin de dou\u0103 luni p\u00e2n\u0103 la cel mai intens eveniment de jazz al anului. La 1000 de metri altitudine, sus \u00een mun\u021bi, \u00eentre p\u0103duri, dealuri, lacuri \u0219i r\u00e2uri, \u00eencepe fream\u0103tul preg\u0103tirilor care anun\u021b\u0103 a 21-a edi\u021bie G\u0103r\u00e2na Jazz Festival, o experien\u021b\u0103 de festival unic\u0103 \u00een Europa, care \u0219i-a p\u0103strat misiunea de [&hellip;]<\/p>","protected":false},"author":3,"featured_media":5882,"comment_status":"closed","ping_status":"closed","sticky":false,"template":"","format":"standard","meta":{"footnotes":""},"categories":[90],"tags":[75,72],"class_list":["post-1873","post","type-post","status-publish","format-standard","has-post-thumbnail","hentry","category-90","tag-garana-21","tag-garana2017"],"_links":{"self":[{"href":"https:\/\/garana-jazz.ro\/en\/wp-json\/wp\/v2\/posts\/1873","targetHints":{"allow":["GET"]}}],"collection":[{"href":"https:\/\/garana-jazz.ro\/en\/wp-json\/wp\/v2\/posts"}],"about":[{"href":"https:\/\/garana-jazz.ro\/en\/wp-json\/wp\/v2\/types\/post"}],"author":[{"embeddable":true,"href":"https:\/\/garana-jazz.ro\/en\/wp-json\/wp\/v2\/users\/3"}],"replies":[{"embeddable":true,"href":"https:\/\/garana-jazz.ro\/en\/wp-json\/wp\/v2\/comments?post=1873"}],"version-history":[{"count":0,"href":"https:\/\/garana-jazz.ro\/en\/wp-json\/wp\/v2\/posts\/1873\/revisions"}],"wp:featuredmedia":[{"embeddable":true,"href":"https:\/\/garana-jazz.ro\/en\/wp-json\/wp\/v2\/media\/5882"}],"wp:attachment":[{"href":"https:\/\/garana-jazz.ro\/en\/wp-json\/wp\/v2\/media?parent=1873"}],"wp:term":[{"taxonomy":"category","embeddable":true,"href":"https:\/\/garana-jazz.ro\/en\/wp-json\/wp\/v2\/categories?post=1873"},{"taxonomy":"post_tag","embeddable":true,"href":"https:\/\/garana-jazz.ro\/en\/wp-json\/wp\/v2\/tags?post=1873"}],"curies":[{"name":"wp","href":"https:\/\/api.w.org\/{rel}","templated":true}]}}