{"id":1874,"date":"2017-06-16T11:37:49","date_gmt":"2017-06-16T11:37:49","guid":{"rendered":"http:\/\/www.garana-jazz.ro\/?p=1697"},"modified":"2024-02-17T15:38:07","modified_gmt":"2024-02-17T12:38:07","slug":"proiecte-romanesti-la-garana-jazz-festival","status":"publish","type":"post","link":"https:\/\/garana-jazz.ro\/en\/proiecte-romanesti-la-garana-jazz-festival\/","title":{"rendered":"\u0218ase proiecte rom\u00e2ne\u0219ti din programul G\u0103r\u00e2na Jazz Festival 21"},"content":{"rendered":"<p>Timp de patru zile, jazz-ul va \u021bine ritmul zilelor \u0219i nop\u021bilor r\u0103coroase din Mun\u021bii Semenic, iar satul G\u0103r\u00e2na, colonia preferat\u0103 a arti\u0219tilor interna\u021bionali, va deveni, ca-n fiecare din ultimii 21 de ani, gazda iubitorilor de muzic\u0103. 18 trupe vor urca anul acesta pe <strong>scenele G\u0103r\u00e2na Jazz Festival, <\/strong>\u00eentre care chiataristul american <strong>John Scofield<\/strong>, cel mai apreciat artist de jazz al anului, c\u00e2\u0219tig\u0103tor a dou\u0103 premii Grammy \u0219i <strong>Omar Sosa Quarteto Afrocubano<\/strong>, artistul care a molipsit o lume \u00eentreag\u0103 cu frenezia muzicii afro-cubaneze. G\u0103r\u00e2na Jazz Festival are loc \u00eentre 6 \u0219i 9 iulie \u00een jude\u021bul Cara\u0219-Severin iar bilete pot fi achizi\u021bionate online prin <a href=\"https:\/\/www.biletmaster.ro\/ron\/PlaceInfo\/2159\/Garana-Jazz-Festival-2017\" target=\"_blank\" rel=\"noopener\">BiletMaster.ro<\/a>, <a href=\"https:\/\/www.myticket.ro\/ro\/evenimente\/151\/garana-jazz-festival-2017-6-9-iulie-2017-poiana-lupului-sat-garana.html\" target=\"_blank\" rel=\"noopener\">MyTicket<\/a> \u0219i <a href=\"https:\/\/www.bilete.ro\/garana-jazz-festival-2017\/\" target=\"_blank\" rel=\"noopener\">Bilete.ro<\/a>.<\/p>\n<p>\u0218ase proiecte muzicale Made in Romania vor completa line-up-ul g\u0103r\u00e2nez \u00een cele patru zile de festival. <strong>Sebastian Spanache Trio<\/strong>, trupa timi\u0219orean\u0103 ce reprezint\u0103 noua genera\u021bie de tineri muzicieni rom\u00e2ni de jazz, va urca pe scena din Poiana Lupului joi, pe 6 iulie. <strong>Sebastian Spanache<\/strong> (pian), <strong>Csaba S\u00e1nta<\/strong> (bass), <strong>Radu Pieloiu<\/strong> (tobe), mae\u0219tri ai improviza\u021biei, vor invita publicul s\u0103-\u0219i imagineze cum ar suna viitorul jazz-ului.<\/p>\n<p>Prezen\u021b\u0103 excentric\u0103 \u0219i conceptual\u0103,\u00a0 <strong>Thy Veils<\/strong> va provoca felul \u00een care tr\u0103im \u0219i sim\u021bim jazzul, \u00eentr-un performance ce suprapune universul sonor cu arta digital\u0103 \u0219i proiec\u021biile multimedia. Pornit \u00een 1995 ca un proiect de studio al muzicianului \u0219i artistului vizual <strong>Daniel Doroban\u021bu<\/strong>, Thy Veils a devenit un proiect de pionierat al muzicii ambientale de scen\u0103, aduc\u00e2ndu-i la un loc <strong>Dora Gaitanovici<\/strong> (voce), <strong>Petre Ionu\u021b<\/strong><strong>escu<\/strong> (trompet\u0103) \u0219i <strong>Radu Pieloiu<\/strong> (tobe). <em>\u201dAnsamblu de arte sincretice, Thy Veils e un concept minimalist \u0219i o invita\u021bie la medita\u021bie, n\u0103scut din realitatea mileniului trecut \u0219i hr\u0103nit cu puterea de expresie a mediilor digitale de ast\u0103zi\u201d, <\/em>explic\u0103 membrii trupei care va concerta pe scena Poiana Lupului vineri, pe 7 iulie.<\/p>\n<p><iframe src=\"https:\/\/www.youtube.com\/embed\/tiwTF6waO9M\" width=\"560\" height=\"315\" frameborder=\"0\" allowfullscreen=\"allowfullscreen\" data-mce-fragment=\"1\"><\/iframe><\/p>\n<p>Claviaturistul <strong>Raul Kusak<\/strong>\u00a0 revine la G\u0103r\u00e2na cu un concert sus\u021binut \u00een incinta bisericii catolice din satul V\u0103liug, vineri, pe 7 iulie<em>. Sounds from church \u2013 V\u0103liug<\/em> este concertul care va pune \u00een valoare mo\u0219tenirea istoric\u0103 a bisericii romano-catolice construit\u0103 \u00een 1861, cu o acustic\u0103 deosebit\u0103, un performance menit s\u0103 scoat\u0103 \u00een eviden\u021b\u0103 puterea cathartic\u0103 a pianului. Aceea\u0219i loca\u021bie va g\u0103zdui \u00een diminea\u021ba zilei de s\u00e2mb\u0103t\u0103, 8 iulie, concertul <strong>Mircea Tiberian &amp;\u00a0Marta Hristea<\/strong> sub umbrela proiectului <em>Magellan \u2013 A sonic journey<\/em><em>, <\/em>doi muzicieni care au contribuit la evolu\u021bia istoric\u0103 a jazz-ului rom\u00e2nesc.<\/p>\n<p><iframe src=\"https:\/\/www.youtube.com\/embed\/FOSXUHuO4vM\" width=\"560\" height=\"315\" frameborder=\"0\" allowfullscreen=\"allowfullscreen\" data-mce-fragment=\"1\"><\/iframe><\/p>\n<p><strong>Marius Preda<\/strong>, muzicianul rom\u00e2n care a c\u00e2ntat la \u021bambal pe marile scene ale lumii, al\u0103turi de Arturo Sandoval, Dennis Chambers sau Mike Stern, urc\u0103 pe scena din Poiana Lupului s\u00e2mb\u0103t\u0103, 8 iulie. O formul\u0103-hibrid aduce la un loc arti\u0219ti rom\u00e2ni \u0219i interna\u021bionali sub numele sugestiv <em>\u201d<\/em><em>Mission Cimbalom<\/em><em>\u201d. <\/em>For\u021ba molipsitoare a \u021bambalului lui Marius Preda e completat\u0103 de <strong>Piero Bianculli<\/strong> (Italia), <strong>Taco Gorter<\/strong> (Olanda)\u00a0\u0219i <strong>Kiba Dachi<\/strong> (Romania). Un concert puternic, cu v\u00e2n\u0103, care \u00eenc\u0103lze\u0219te seara de s\u00e2mb\u0103t\u0103 la G\u0103r\u00e2na.<\/p>\n<p><iframe src=\"https:\/\/www.youtube.com\/embed\/zSuJAjyIWgg\" width=\"560\" height=\"315\" frameborder=\"0\" allowfullscreen=\"allowfullscreen\" data-mce-fragment=\"1\"><\/iframe><\/p>\n<p>Duminic\u0103 de diminea\u021b\u0103, biserica din V\u0103liug va vibra odat\u0103 cu cel din urm\u0103 concert rom\u00e2nesc al edi\u021biei, al\u0103turi de forma\u021bia <strong>ARCU\u0218 TRIO<\/strong>. O c\u0103l\u0103torie muzical\u0103 cu elemente folclorice culese din muzica tradi\u021bional\u0103 rom\u00e2neasc\u0103 \u0219i balcanic\u0103, cernute uneori prin filtre R&amp;B, alteori HipHop, degaj\u0103 sunete specifice prog-rock \u0219i post-prog, a\u0219ez\u00e2ndu-le \u00een groove-ul propriu. Rezultatul este un sound original, unic, deloc sedentar, o nara\u021biune despre locul unde se pot \u00eent\u00e2lni funkul, prog-rockul \u0219i urban-jazzul.<\/p>\n<p>Programul complet G\u0103r\u00e2na Jazz Festival precum \u0219i informa\u021bii despre transport, loca\u021bie \u0219i cazare sunt disponibile pe <a href=\"https:\/\/garana-jazz.ro\/en\/\">www.garana-jazz.ro<\/a>.<\/p>\n<p>Biletele pot fi achizi\u021bionate online, \u00een avans prin <a href=\"https:\/\/www.biletmaster.ro\/ron\/PlaceInfo\/2159\/Garana-Jazz-Festival-2017\" target=\"_blank\" rel=\"noopener\">BiletMaster.ro<\/a>, <a href=\"https:\/\/www.myticket.ro\/ro\/evenimente\/151\/garana-jazz-festival-2017-6-9-iulie-2017-poiana-lupului-sat-garana.html\" target=\"_blank\" rel=\"noopener\">MyTicket<\/a> \u0219i <a href=\"https:\/\/www.bilete.ro\/garana-jazz-festival-2017\/\" target=\"_blank\" rel=\"noopener\">Bilete.ro<\/a>, online sau din re\u021beaua magazinelor partenere, la pre\u021bul de 300 de lei \u00een varianta de abonament pentru patru zile de concerte sau 85 de lei \u00een varianta de bilet pentru o singur\u0103 sear\u0103 de festival. Mai multe detalii despre edi\u021bia 21 a celui mai important festival de jazz open-air din aceast\u0103 parte a Europei, se reg\u0103sesc pe <a href=\"https:\/\/garana-jazz.ro\/en\/\">www.garana-jazz.ro<\/a> \u0219i <a href=\"https:\/\/www.facebook.com\/GaranaJazzFest\" target=\"_blank\" rel=\"noopener\">www.facebook.com\/GaranaJazzFest<\/a>.<\/p>","protected":false},"excerpt":{"rendered":"<p>Timp de patru zile, jazz-ul va \u021bine ritmul zilelor \u0219i nop\u021bilor r\u0103coroase din Mun\u021bii Semenic, iar satul G\u0103r\u00e2na, colonia preferat\u0103 a arti\u0219tilor interna\u021bionali, va deveni, ca-n fiecare din ultimii 21 de ani, gazda iubitorilor de muzic\u0103. 18 trupe vor urca anul acesta pe scenele G\u0103r\u00e2na Jazz Festival, \u00eentre care chiataristul american John Scofield, cel mai [&hellip;]<\/p>","protected":false},"author":3,"featured_media":0,"comment_status":"closed","ping_status":"closed","sticky":false,"template":"","format":"standard","meta":{"footnotes":""},"categories":[90],"tags":[],"class_list":["post-1874","post","type-post","status-publish","format-standard","hentry","category-90"],"_links":{"self":[{"href":"https:\/\/garana-jazz.ro\/en\/wp-json\/wp\/v2\/posts\/1874","targetHints":{"allow":["GET"]}}],"collection":[{"href":"https:\/\/garana-jazz.ro\/en\/wp-json\/wp\/v2\/posts"}],"about":[{"href":"https:\/\/garana-jazz.ro\/en\/wp-json\/wp\/v2\/types\/post"}],"author":[{"embeddable":true,"href":"https:\/\/garana-jazz.ro\/en\/wp-json\/wp\/v2\/users\/3"}],"replies":[{"embeddable":true,"href":"https:\/\/garana-jazz.ro\/en\/wp-json\/wp\/v2\/comments?post=1874"}],"version-history":[{"count":0,"href":"https:\/\/garana-jazz.ro\/en\/wp-json\/wp\/v2\/posts\/1874\/revisions"}],"wp:attachment":[{"href":"https:\/\/garana-jazz.ro\/en\/wp-json\/wp\/v2\/media?parent=1874"}],"wp:term":[{"taxonomy":"category","embeddable":true,"href":"https:\/\/garana-jazz.ro\/en\/wp-json\/wp\/v2\/categories?post=1874"},{"taxonomy":"post_tag","embeddable":true,"href":"https:\/\/garana-jazz.ro\/en\/wp-json\/wp\/v2\/tags?post=1874"}],"curies":[{"name":"wp","href":"https:\/\/api.w.org\/{rel}","templated":true}]}}