{"id":1875,"date":"2017-07-04T13:39:27","date_gmt":"2017-07-04T13:39:27","guid":{"rendered":"http:\/\/www.garana-jazz.ro\/?p=1770"},"modified":"2024-02-16T13:11:47","modified_gmt":"2024-02-16T10:11:47","slug":"cinema-la-garana-jazz-festival-21","status":"publish","type":"post","link":"https:\/\/garana-jazz.ro\/en\/cinema-la-garana-jazz-festival-21\/","title":{"rendered":"Cinema la G\u0103r\u00e2na Jazz Festival 21"},"content":{"rendered":"<p>De joi p\u00e2n\u0103 s\u00e2mb\u0103t\u0103, dup\u0103 terminarea concertelor, Poiana Lupului devine cinema \u0219i gazda unui program special de scurtmetraje oferite de Institutul Francez. O serie de comedii, drame tragi-comice \u0219i anima\u021bii scurte vor aduce la via\u021b\u0103 pove\u0219ti din prezent \u0219i personaje din cele mai diverse. Tot \u00een zona de cinema, g\u0103r\u00e2nezii vor viziona \u00een premier\u0103 filmul fotografului rom\u00e2n Andrei Becheru, &#8222;Nature laughs as Time Slips&#8221;, inspirat de albumul cu acela\u0219i nume al muzicianului american Tor Lundval.<\/p>\n<p><strong>Iat\u0103 mai multe despre programul scurtmetrajelor oferite de Institutul Francez:<\/strong><\/p>\n<ul>\n<li>AISSA (r. Cl\u00e9ment Tr\u00e9hin-Lalanne). 8 min, dram\u0103<\/li>\n<\/ul>\n<p>Aissa e congolez\u0103, dar locuie\u0219te \u00een Fran\u021ba. E ziua \u00een care va afla dac\u0103 mai poate r\u0103m\u00e2ne pe t\u0103r\u00e2m francez, o zi cu emo\u021bii \u0219i fr\u0103m\u00e2nt\u0103ri.<\/p>\n<ul>\n<li>LES FILLES (r. Alice Douard). 28 min, comedie<\/li>\n<\/ul>\n<p>Vara, nimic nu poate sta \u00een calea pl\u0103cerilor vinovate. De\u0219i are un job serios, Charlotte se antreneaz\u0103 zi de zi pentru meciul de fotbal amical organizat de sora sa, Nath.<\/p>\n<p><img fetchpriority=\"high\" decoding=\"async\" class=\"size-full wp-image-1773 aligncenter\" src=\"https:\/\/www.garana-jazz.ro\/wp-content\/uploads\/2017\/07\/les-filles.jpg\" alt=\"les-filles\" width=\"400\" height=\"215\" \/><\/p>\n<ul>\n<li>MOLII (r. Carine May, Hakim Zouani, Yassine Qnia et Mourad Boudaoud). 13 min, comedie<\/li>\n<\/ul>\n<p>Steve are o misiune important\u0103\u00a0: s\u0103-l \u00eenlocuiasc\u0103 pe tat\u0103l s\u0103u, gardian la piscina municipal\u0103. Totul decurge bine, p\u00e2n\u0103 c\u00e2nd o \u00eent\u00e2mplare neobi\u0219nuit\u0103 schimb\u0103 toate datele problemei.<\/p>\n<ul>\n<li>LA VIREE A PANAME (r. Carine May et Hakim Zouani). 23 min, comedie<\/li>\n<\/ul>\n<p>Mourard evadeaz\u0103 din cartierul s\u0103u pentru o singur\u0103 sear\u0103, departe de confort \u0219i prieteni. Trebuie s\u0103 participe la atelierul de scriere creativ\u0103, un plan care se dovede\u0219te aproape imposibil.<\/p>\n<ul>\n<li>LA BUCHE DE NOEL (r. St\u00e9phane Aubier et Vincent Patar). 25 min, anima\u021bie, comedie<\/li>\n<\/ul>\n<p>\u00cen ajun de Cr\u0103ciun, doi prieteni trebuie s\u0103-\u0219i rec\u00e2\u0219tige dreptul de a primi cadourile mul-visate.<\/p>\n<ul>\n<li>LES INSOUCIANTS (r. Louise de Pr\u00e9monville), 24 min, comedie<\/li>\n<\/ul>\n<p>Un simplu apel aparent plictisitor \u00eei va schimba complet via\u021ba lui Niels, un b\u0103iat de 20 de ani.<\/p>\n<p><img decoding=\"async\" class=\"size-full wp-image-1779 aligncenter\" src=\"https:\/\/www.garana-jazz.ro\/wp-content\/uploads\/2017\/07\/les-insouciants.jpg\" alt=\"les-insouciants\" width=\"400\" height=\"225\" \/><\/p>\n<ul>\n<li>DIP N\u2019DANCE (r. Hugo Cierzniak). 6 min, anima\u021bie, comedie<\/li>\n<\/ul>\n<p>Un burghez la v\u00e2rsta a 3-a descoper\u0103 puterea muzicii.<\/p>\n<p><img decoding=\"async\" class=\"alignnone size-full wp-image-1775 aligncenter\" src=\"https:\/\/www.garana-jazz.ro\/wp-content\/uploads\/2017\/07\/dip-n-dance.jpg\" alt=\"dip-n-dance\" width=\"400\" height=\"225\" \/><\/p>\n<ul>\n<li>LE RETOUR (r. Yohann Kouam). 20 min, comedie, dram\u0103<\/li>\n<\/ul>\n<p>Willy \u00ee\u0219i a\u0219teapt\u0103 ner\u0103bd\u0103tor bunicul pe care nu l-a mai v\u0103zut de un an. Urmeaz\u0103 s\u0103 descopere mai multe dec\u00e2t \u00ee\u0219i imagineaz\u0103, un secret bine p\u0103strat \u00een timp.<\/p>\n<p>&nbsp;<\/p>","protected":false},"excerpt":{"rendered":"<p>De joi p\u00e2n\u0103 s\u00e2mb\u0103t\u0103, dup\u0103 terminarea concertelor, Poiana Lupului devine cinema \u0219i gazda unui program special de scurtmetraje oferite de Institutul Francez. O serie de comedii, drame tragi-comice \u0219i anima\u021bii scurte vor aduce la via\u021b\u0103 pove\u0219ti din prezent \u0219i personaje din cele mai diverse. Tot \u00een zona de cinema, g\u0103r\u00e2nezii vor viziona \u00een premier\u0103 filmul [&hellip;]<\/p>","protected":false},"author":3,"featured_media":0,"comment_status":"closed","ping_status":"closed","sticky":false,"template":"","format":"standard","meta":{"footnotes":""},"categories":[90],"tags":[],"class_list":["post-1875","post","type-post","status-publish","format-standard","hentry","category-90"],"_links":{"self":[{"href":"https:\/\/garana-jazz.ro\/en\/wp-json\/wp\/v2\/posts\/1875","targetHints":{"allow":["GET"]}}],"collection":[{"href":"https:\/\/garana-jazz.ro\/en\/wp-json\/wp\/v2\/posts"}],"about":[{"href":"https:\/\/garana-jazz.ro\/en\/wp-json\/wp\/v2\/types\/post"}],"author":[{"embeddable":true,"href":"https:\/\/garana-jazz.ro\/en\/wp-json\/wp\/v2\/users\/3"}],"replies":[{"embeddable":true,"href":"https:\/\/garana-jazz.ro\/en\/wp-json\/wp\/v2\/comments?post=1875"}],"version-history":[{"count":0,"href":"https:\/\/garana-jazz.ro\/en\/wp-json\/wp\/v2\/posts\/1875\/revisions"}],"wp:attachment":[{"href":"https:\/\/garana-jazz.ro\/en\/wp-json\/wp\/v2\/media?parent=1875"}],"wp:term":[{"taxonomy":"category","embeddable":true,"href":"https:\/\/garana-jazz.ro\/en\/wp-json\/wp\/v2\/categories?post=1875"},{"taxonomy":"post_tag","embeddable":true,"href":"https:\/\/garana-jazz.ro\/en\/wp-json\/wp\/v2\/tags?post=1875"}],"curies":[{"name":"wp","href":"https:\/\/api.w.org\/{rel}","templated":true}]}}