{"id":1876,"date":"2017-07-05T16:47:53","date_gmt":"2017-07-05T16:47:53","guid":{"rendered":"http:\/\/www.garana-jazz.ro\/?p=1782"},"modified":"2024-02-16T18:18:42","modified_gmt":"2024-02-16T15:18:42","slug":"kit-de-festival-cum-te-pregatesti-de-garana-2017","status":"publish","type":"post","link":"https:\/\/garana-jazz.ro\/en\/kit-de-festival-cum-te-pregatesti-de-garana-2017\/","title":{"rendered":"Kit de festival: Cum te preg\u0103te\u0219ti de G\u0103r\u00e2na 2017"},"content":{"rendered":"<p>Joi \u00eencepe a 21-a edi\u021bie\u00a0<strong style=\"font-style: inherit;\">G\u0103r\u00e2na Jazz Festival<\/strong>. Facem tranzi\u021bia de la c\u0103ldura aglomer\u0103rilor urbane la r\u0103coarea din Mun\u021bii Semenic, dar \u0219i la pl\u0103cerea descoperirii unui line-up cu 18 concerte sub cerul liber, fiecare cu un univers distinct \u0219i provocator. Pe scurt, o stare de spirit special\u0103 la care contribuie, deopotriv\u0103, jazzul, natura, gastronomia \u0219i farmecul satului b\u0103n\u0103\u021bean ce g\u0103zduie\u0219te festivalul de 2 decenii.<\/p>\n<h4>Program<\/h4>\n<p>Programul complet al concertelor \u00een func\u021bie de scene \u0219i ore de \u00eencepere este disponibil\u00a0<a style=\"font-style: inherit; font-weight: inherit;\" href=\"\/en\/?page_id=35\">aici<\/a>. Poiana Lupului, scena principal\u0103 a festivalului va g\u0103zdui majoritatea reprezenta\u021biilor arti\u0219tilor interna\u021bionali, iar la Biserica Catolic\u0103 V\u0103liug ve\u021bi descoperi concertele arti\u0219tilor rom\u00e2ni.<\/p>\n<h4>Bilete<\/h4>\n<p>Dac\u0103 nu a\u021bi apucat \u00eenc\u0103 s\u0103 achizi\u021biona\u021bi bilete la festival, o mai pute\u021bi face online <a href=\"\/en\/?page_id=1106\">aici<\/a>. Bilete vor fi disponibile \u0219i la fa\u021ba locului, la punctul de acces \u00een Poiana Lupului, joi \u00eencep\u00e2nd de la ora 15.00, \u00een 2 variante:\u00a0bilet de 1 zi, la pre\u021bul de 85 lei, abonament pentru \u00eentreaga perioad\u0103 a festivalului, la pre\u021bul de 300 de lei.<\/p>\n<h4>Kit de festival<\/h4>\n<p>Serile la G\u0103r\u00e2na sunt, pe c\u00e2t de frumoase, pe at\u00e2t de friguroase. Pe timp de sear\u0103 temperatura nu este de 10-11 grade, iar pe timp de zi vor fi pana la 27 de grade. V\u0103 sf\u0103tuim s\u0103 pune\u021bi \u00een bagaje haine c\u0103lduroase, hanorace \u0219i jachete potrivite pentru o vacan\u021b\u0103 la peste 1000 de m altitudine. Prognoza pentru urm\u0103toarele zile se anun\u021b\u0103 prietenoas\u0103, totu\u0219i, ave\u021bi \u00een vedere \u0219i accesorii impermeabile.\u00a0<a style=\"font-style: inherit; font-weight: inherit;\" href=\"\/en\/?page_id=318\">Mai multe despre ce s\u0103 pune\u021bi \u00een bagaje.<\/a><\/p>\n<p><img fetchpriority=\"high\" decoding=\"async\" class=\"alignnone size-full wp-image-1783\" src=\"https:\/\/www.garana-jazz.ro\/wp-content\/uploads\/2017\/07\/GJF-Horatiu-Sovaiala-corturi.jpg\" alt=\"GJF Horatiu Sovaiala corturi\" width=\"822\" height=\"670\" \/><\/p>\n<p>Dac\u0103 n-a\u021bi apucat \u00eenc\u0103 s\u0103 v\u0103 rezerva\u021bi cazare, v\u0103 recomand\u0103m op\u021biunea camp\u0103rii, pentru care trebuie s\u0103 fi\u021bi bine echipa\u021bi. Nu exista un camping amenajat, toat\u0103 lumea are libertatea sa \u00ee\u0219i aleag\u0103 locul de campare. Majoritatea aleg poieni\u021bele de pe malul r\u00e2ului sau malul lacului Trei Ape. Toalete \u0219i du\u0219uri sunt peste drum de scen\u0103 \u00een Poiana Lupului \u0219i pe toat\u0103 perioada festivalului se pot folosi \u0219i toaletele din zona de festival.<\/p>\n<p><a href=\"\/en\/?page_id=322\">Detalii despre campare.<\/a><\/p>\n<h4>Drum<\/h4>\n<p>Cele mai u\u0219oare rute cu ma\u0219ina, tren sau avion\u00a0<a style=\"font-style: inherit; font-weight: inherit;\" href=\"\/en\/?page_id=314\">aici.<\/a>\u00a0Pentru op\u021biuni de carpooling g\u0103si\u021bi detalii\u00a0<a style=\"font-style: inherit; font-weight: inherit;\" href=\"https:\/\/www.facebook.com\/Carpooling-Garana-Jazz-Festival-1139686389385468\/?fref=ts\" target=\"_blank\" rel=\"noopener\">aici<\/a>. Nu ezita\u021bi s\u0103 posta\u021bi anun\u021bul vostru, cu siguran\u021b\u0103 se pot na\u0219te conexiuni utile. De joi p\u00e2n\u0103 duminic\u0103, \u00een fiecare diminea\u021b\u0103 la ora 07.00, \u00een gara Re\u0219i\u021ba va fi un microbuz care transport\u0103 turi\u0219tii ce vin cu trenul din Bucure\u0219ti spre G\u0103r\u00e2na. Biletul cost\u0103 15 lei. Persoan\u0103 de contact: Cristi Mocanu: 0744613121.<\/p>\n<p><img decoding=\"async\" class=\"alignnone size-full wp-image-1739\" src=\"https:\/\/www.garana-jazz.ro\/wp-content\/uploads\/2017\/06\/de-sus.jpg\" alt=\"de sus\" width=\"3471\" height=\"1208\" \/><\/p>\n<h4>Ce se \u00eent\u00e2mpl\u0103 la G\u0103r\u00e2na pe l\u00e2ng\u0103 concerte<\/h4>\n<p>De joi p\u00e2n\u0103 s\u00e2mb\u0103t\u0103, dup\u0103 terminarea concertelor, Poiana Lupului devine cinema \u0219i gazda unui program special de scurtmetraje oferite de Institutul Francez. O serie de comedii, drame tragi-comice \u0219i anima\u021bii scurte vor aduce la via\u021b\u0103 pove\u0219ti din prezent \u0219i personaje din cele mai diverse. Tot \u00een zona de cinema, g\u0103r\u00e2nezii vor viziona \u00een premier\u0103 scurtmetrajul fotografului rom\u00e2n Andrei Becheru, &#8222;Nature laughs as Time Slips&#8221;, inspirat de albumul cu acela\u0219i nume al muzicianului american Tor Lundval.<\/p>\n<p>Trupa de teatru <a href=\"https:\/\/www.facebook.com\/aualeu.teatru\/\" target=\"_blank\" rel=\"noopener\">AU\u0102LEU<\/a>, cunoscut\u0103 pentru reprezenta\u021biile \u201dmobile\u201d din ora\u0219e, sate \u0219i chiar de peste ocean, va fi prezent\u0103 \u00een fiecare sear\u0103 la festival cu momente de spectacol aduc\u0103toare de inspira\u021bie, \u00eentreb\u0103ri \u0219i r\u0103spunsuri. Scriitorii timi\u0219oreni Nicolae Str\u00e2mbeanu, Br\u00e2ndu\u0219a Armanca, Daniel Vighi \u0219i Viorel Marineasa \u00ee\u021bi vor lansa cele mai noi apari\u021bii editoriale \u00een cadrul festivalului, iar spectatorii pasiona\u021bi de jazz rom\u00e2nesc pot participa la lansarea celor mai noi albume semnate de muzicienii Marius Preda \u0219i Mircea Tiberian.<\/p>\n<p>De s\u00e2mb\u0103t\u0103 p\u00e2n\u0103 duminic\u0103, Poiana Lupului de l\u00e2ng\u0103 G\u0103r\u00e2na va g\u0103zdui a doua edi\u021bie a T\u00e2rgului Na\u021bional al Colec\u021bionarilor de Discuri, un eveniment menit s\u0103 aduc\u0103 la un loc pasiona\u021bii de viniluri \u0219i muzic\u0103 bun\u0103. Natura s\u0103lbatic\u0103 din Semenic e spa\u021biul perfect pentru medita\u021bie \u0219i relaxare, a\u0219a c\u0103 dimine\u021bile de festival vor \u00eencepe cu <a href=\"https:\/\/www.facebook.com\/events\/530613403995467\/?acontext=%7B%22ref%22%3A%2229%22%2C%22ref_notif_type%22%3A%22event_invite_reminder%22%2C%22action_history%22%3A%22null%22%7D&amp;notif_t=event_invite_reminder&amp;notif_id=1498459380977939\" target=\"_blank\" rel=\"noopener\">clase de Yoga<\/a> \u021binute de \u201dMi\u0219carea de Piatr\u0103\u201d, \u00eencep\u00e2nd de la ora 09.00, \u00een satul V\u0103liug, sta\u021biunea Crivaia, pe pontonul Hotelului <a href=\"https:\/\/www.facebook.com\/events\/530613403995467\/?acontext=%7B%22ref%22%3A%2229%22%2C%22ref_notif_type%22%3A%22event_invite_reminder%22%2C%22action_history%22%3A%22null%22%7D&amp;notif_t=event_invite_reminder&amp;notif_id=1498459380977939\" target=\"_blank\" rel=\"noopener\">Aquaris.<\/a><\/p>\n<p><img decoding=\"async\" class=\"alignnone size-full wp-image-1741\" src=\"https:\/\/www.garana-jazz.ro\/wp-content\/uploads\/2017\/06\/brebu-nou.jpg\" alt=\"brebu nou\" width=\"2048\" height=\"1152\" \/><\/p>\n<h4>\u00cemprejurimi<\/h4>\n<p>Peisajul G\u0103r\u00e2na e la fel de s\u0103lbatic ca muzica pe care o vei asculta la festival. Dac\u0103 ajungi pentru prima dat\u0103 la festival, ia-\u021bi timp s\u0103 explorezi \u00eemprejurimile pe timp de zi. <a href=\"\/en\/?p=1738\">AICI<\/a> mai multe despre traseele din zon\u0103, pe jos, cu bicicleta sau ma\u0219ina, dar \u0219i despre specificul culinar al zonei.<\/p>\n<figure id=\"attachment_1747\" aria-describedby=\"caption-attachment-1747\" style=\"width: 1024px\" class=\"wp-caption alignnone\"><img loading=\"lazy\" decoding=\"async\" class=\"size-full wp-image-1747\" src=\"https:\/\/www.garana-jazz.ro\/wp-content\/uploads\/2017\/06\/IMG_6042.jpg\" alt=\"Processed with VSCO with wwf preset\" width=\"1024\" height=\"768\" \/><figcaption id=\"caption-attachment-1747\" class=\"wp-caption-text\">Processed with VSCO with wwf preset<\/figcaption><\/figure>\n<p>&nbsp;<\/p>","protected":false},"excerpt":{"rendered":"<p>Joi \u00eencepe a 21-a edi\u021bie\u00a0G\u0103r\u00e2na Jazz Festival. Facem tranzi\u021bia de la c\u0103ldura aglomer\u0103rilor urbane la r\u0103coarea din Mun\u021bii Semenic, dar \u0219i la pl\u0103cerea descoperirii unui line-up cu 18 concerte sub cerul liber, fiecare cu un univers distinct \u0219i provocator. Pe scurt, o stare de spirit special\u0103 la care contribuie, deopotriv\u0103, jazzul, natura, gastronomia \u0219i farmecul [&hellip;]<\/p>","protected":false},"author":3,"featured_media":4793,"comment_status":"closed","ping_status":"closed","sticky":false,"template":"","format":"standard","meta":{"footnotes":""},"categories":[90],"tags":[],"class_list":["post-1876","post","type-post","status-publish","format-standard","has-post-thumbnail","hentry","category-90"],"_links":{"self":[{"href":"https:\/\/garana-jazz.ro\/en\/wp-json\/wp\/v2\/posts\/1876","targetHints":{"allow":["GET"]}}],"collection":[{"href":"https:\/\/garana-jazz.ro\/en\/wp-json\/wp\/v2\/posts"}],"about":[{"href":"https:\/\/garana-jazz.ro\/en\/wp-json\/wp\/v2\/types\/post"}],"author":[{"embeddable":true,"href":"https:\/\/garana-jazz.ro\/en\/wp-json\/wp\/v2\/users\/3"}],"replies":[{"embeddable":true,"href":"https:\/\/garana-jazz.ro\/en\/wp-json\/wp\/v2\/comments?post=1876"}],"version-history":[{"count":0,"href":"https:\/\/garana-jazz.ro\/en\/wp-json\/wp\/v2\/posts\/1876\/revisions"}],"wp:featuredmedia":[{"embeddable":true,"href":"https:\/\/garana-jazz.ro\/en\/wp-json\/wp\/v2\/media\/4793"}],"wp:attachment":[{"href":"https:\/\/garana-jazz.ro\/en\/wp-json\/wp\/v2\/media?parent=1876"}],"wp:term":[{"taxonomy":"category","embeddable":true,"href":"https:\/\/garana-jazz.ro\/en\/wp-json\/wp\/v2\/categories?post=1876"},{"taxonomy":"post_tag","embeddable":true,"href":"https:\/\/garana-jazz.ro\/en\/wp-json\/wp\/v2\/tags?post=1876"}],"curies":[{"name":"wp","href":"https:\/\/api.w.org\/{rel}","templated":true}]}}