{"id":3984,"date":"2024-01-31T19:48:54","date_gmt":"2024-01-31T19:48:54","guid":{"rendered":"https:\/\/www.garana-jazz.ro\/?p=3984"},"modified":"2024-03-08T10:50:04","modified_gmt":"2024-03-08T07:50:04","slug":"editia-a-xxviii-a-garana-jazz-festivalse-va-desfasura-in-perioada-11-14-iulie-2024","status":"publish","type":"post","link":"https:\/\/garana-jazz.ro\/en\/editia-a-xxviii-a-garana-jazz-festivalse-va-desfasura-in-perioada-11-14-iulie-2024\/","title":{"rendered":"The 28th edition of the G\u0103r\u00e2na Jazz Festival will take place between 11-14 July 2024"},"content":{"rendered":"<div data-elementor-type=\"wp-post\" data-elementor-id=\"3984\" class=\"elementor elementor-3984\" data-elementor-post-type=\"post\">\n\t\t\t\t\t\t<section class=\"elementor-section elementor-top-section elementor-element elementor-element-753e743f elementor-section-content-middle elementor-section-full_width elementor-section-height-default elementor-section-height-default\" data-id=\"753e743f\" data-element_type=\"section\" id=\"cump\u0103r\u0103-bilet\" data-settings=\"{&quot;background_background&quot;:&quot;classic&quot;}\">\n\t\t\t\t\t\t<div class=\"elementor-container elementor-column-gap-default\">\n\t\t\t\t\t<div class=\"elementor-column elementor-col-50 elementor-top-column elementor-element elementor-element-99317c3\" data-id=\"99317c3\" data-element_type=\"column\">\n\t\t\t<div class=\"elementor-widget-wrap elementor-element-populated\">\n\t\t\t\t\t\t<div class=\"elementor-element elementor-element-5f63ee1 elementor-widget elementor-widget-hub_fancy_heading\" data-id=\"5f63ee1\" data-element_type=\"widget\" data-widget_type=\"hub_fancy_heading.default\">\n\t\t\t\t<div class=\"elementor-widget-container\">\n\t\t\t\t\t\n\t\t<div id=\"ld-fancy-heading-69f5c2c74b3b5\" class=\"ld-fancy-heading pos-rel\">\n\t\t\t<h2 class=\"ld-fh-element d-inline-block pos-rel  elementor-heading-title lqd-highlight-classic lqd-highlight-grow-left h2\"  > The now traditional G\u0103r\u00e2na Jazz Festival will take place from Thursday, July 11 to Sunday, July 14, 2024, on the stages of Poiana Lupului in the village of G\u0103r\u00e2na and the Catholic Church in V\u0103liug.<\/h2>\t\t<\/div>\n\n\t\t\t\t\t\t<\/div>\n\t\t\t\t<\/div>\n\t\t\t\t<div class=\"elementor-element elementor-element-e36d0fc elementor-widget elementor-widget-hub_fancy_heading\" data-id=\"e36d0fc\" data-element_type=\"widget\" data-widget_type=\"hub_fancy_heading.default\">\n\t\t\t\t<div class=\"elementor-widget-container\">\n\t\t\t\t\t\n\t\t<div id=\"ld-fancy-heading-69f5c2c74b7e0\" class=\"ld-fancy-heading pos-rel\">\n\t\t\t<h2 class=\"ld-fh-element d-inline-block pos-rel  elementor-heading-title lqd-highlight-classic lqd-highlight-grow-left h2\"  > For the 28th edition, we announce the sale of passes at Early Bird prices. From today until 14 March, Early Bird subscriptions can be purchased for 400 lei, and from 15 March 2024 the cost will increase to 520 lei. Tickets can be purchased online at bilete.ro or from Inmedio &amp; RELAY, Germanos \u2013 Telekom, Vodafone or the Romanian Post offices.<\/h2>\t\t<\/div>\n\n\t\t\t\t\t\t<\/div>\n\t\t\t\t<\/div>\n\t\t\t\t\t<\/div>\n\t\t<\/div>\n\t\t\t\t<div class=\"elementor-column elementor-col-50 elementor-top-column elementor-element elementor-element-65538aec\" data-id=\"65538aec\" data-element_type=\"column\">\n\t\t\t<div class=\"elementor-widget-wrap elementor-element-populated\">\n\t\t\t\t\t\t<div class=\"elementor-element elementor-element-306a3e04 elementor-widget elementor-widget-hub_fancy_heading\" data-id=\"306a3e04\" data-element_type=\"widget\" data-widget_type=\"hub_fancy_heading.default\">\n\t\t\t\t<div class=\"elementor-widget-container\">\n\t\t\t\t\t\n\t\t<div id=\"ld-fancy-heading-69f5c2c74ba76\" class=\"ld-fancy-heading pos-rel\">\n\t\t\t<h2 class=\"ld-fh-element d-inline-block pos-rel  elementor-heading-title lqd-highlight-classic lqd-highlight-grow-left h2\"  > Early-bird passes<br>\nuntil 14 March<\/h2>\t\t<\/div>\n\n\t\t\t\t\t\t<\/div>\n\t\t\t\t<\/div>\n\t\t\t\t<div class=\"elementor-element elementor-element-40785033 elementor-widget elementor-widget-ld_countdown\" data-id=\"40785033\" data-element_type=\"widget\" data-widget_type=\"ld_countdown.default\">\n\t\t\t\t<div class=\"elementor-widget-container\">\n\t\t\t\t\t\n\t\t<div id=\"lqd-countdown-40785033\" class=\"countdown h3 mt-0 mb-0\" data-plugin-countdown=\"true\" data-countdown-options=\"{&quot;until&quot;:&quot;2024-03-14&quot;,&quot;daysLabel&quot;:&quot;Zile&quot;,&quot;hoursLabel&quot;:&quot;Ore&quot;,&quot;minutesLabel&quot;:&quot;Minute&quot;,&quot;secondsLabel&quot;:&quot;Secunde&quot;,&quot;timezone&quot;:&quot;+3&quot;}\"><\/div>\n\n\t\t\t\t\t\t<\/div>\n\t\t\t\t<\/div>\n\t\t\t\t<div class=\"elementor-element elementor-element-11a6835f elementor-align-right elementor-tablet-align-left elementor-widget elementor-widget-ld_button\" data-id=\"11a6835f\" data-element_type=\"widget\" data-widget_type=\"ld_button.default\">\n\t\t\t\t<div class=\"elementor-widget-container\">\n\t\t\t\t\t\n\t\t\t<a href=\"https:\/\/www.bilete.ro\/garana-jazz-festival-xxviii\/garana-jazz-festival-editia-xxviii-11-14-iul-2024\/\" class=\"elementor-button btn btn-solid btn-hover-txt-liquid-x btn-xlg btn-icon-right btn-hover-reveal btn-has-label\" target=\"_blank\" rel=\"noopener\">\n\t\t\t\t\t\t\t\t\t<span data-text=\"Cump\u0103r\u0103 bilet\" class=\"btn-txt\" data-transition-delay=\"true\" data-delay-options=\"{&quot;elements&quot;: &quot;.lqd-chars&quot;, &quot;delayType&quot;: &quot;animation&quot;, &quot;startDelay&quot;: 0, &quot;delayBetween&quot;: 32.5}\" data-split-text=\"true\" data-split-options=\"{&quot;type&quot;: &quot;chars, words&quot;}\">\n\t\t\t\t\t\tGet a ticket\t\t\t\t\t<\/span>\n\t\t\t\t\t\t\t\t\t\t\t\t\t\t<span class=\"btn-icon\">\n\t\t\t\t\t\t\t<i aria-hidden=\"true\" class=\"lqd-icn-ess icon-md-arrow-forward\"><\/i>\t\t\t\t\t\t<\/span>\n\t\t\t\t\t\t\t\t\t<\/a>\n\t\t\t\t\t\t\t<\/div>\n\t\t\t\t<\/div>\n\t\t\t\t\t<\/div>\n\t\t<\/div>\n\t\t\t\t\t<\/div>\n\t\t<\/section>\n\t\t<div class=\"elementor-element elementor-element-7f5a2f43 e-flex e-con-boxed e-con e-parent\" data-id=\"7f5a2f43\" data-element_type=\"container\">\n\t\t\t\t\t<div class=\"e-con-inner\">\n\t\t\t\t<div class=\"elementor-element elementor-element-339d8e88 elementor-widget elementor-widget-text-editor\" data-id=\"339d8e88\" data-element_type=\"widget\" data-widget_type=\"text-editor.default\">\n\t\t\t\t<div class=\"elementor-widget-container\">\n\t\t\t\t\t\t\t\t\t\n<figure class=\"wp-block-image size-large\"><img decoding=\"async\" class=\"wp-image-3985 aligncenter\" src=\"https:\/\/www.garana-jazz.ro\/wp-content\/uploads\/2024\/01\/poza-site-01-1024x576.png\" alt=\"\" \/><\/figure>\n\n<p>Over its 27 years of existence, the G\u0103r\u00e2na Jazz Festival has become one of the most important open-air jazz festivals in Central and Eastern Europe, bringing together thousands of jazz enthusiasts and dozens of exceptional musicians from all over the world every summer. The festival at the foot of the Semenic Mountains has made a tradition of hosting many musical personalities. <em>These include Jan Garbarek, Youn Sun Nah, Hiromi, Eberhard Weber, Charles Lloyd, John Scofield, Jack DeJohnette, Dhafer Youssef, Anouar Brahem, Stanley Clarke, Mike Stern, Tomasz Sta\u0144ko, Enrico Rava, Jean-Luc Ponty, Stanley Jordan, John Abercrombie, Miroslav Vitou\u0161, Zakir Hussain and Terje Rypdal.<\/em>Every year around 20-25 concerts are presented, on the big stage in Poiana Lupului and on the stage of the Catholic Church in V\u0103liug.<\/p>\n\n<figure class=\"wp-block-image size-full\"><img decoding=\"async\" class=\"wp-image-3987 aligncenter\" src=\"https:\/\/www.garana-jazz.ro\/wp-content\/uploads\/2024\/01\/INF1555.jpg\" alt=\"\" \/><\/figure>\n\n<blockquote>\n<p>The impact that the festival has had for over 27 years on a cultural level cannot be quantified in any tangible way, but certainly the value of the community built over the years is a genuine insight that reveals the importance of promoting jazz beyond the musical aspect: <br \/><br \/><em>&#8222;<strong>This place has a clear specificity. First of all it\u2019s remote, it\u2019s a long journey, and then in the middle of the mountains you meet this group of enthusiasts, so the music also gets energetic and a bit rough. You don\u2019t have time to sit down, so you get carried away, take in the energy of the place and, of course, the audience. Then there\u2019s this festival vibe, people are camping out, they\u2019re here for longer, there\u2019s a kind of positive groove and very tolerant. It\u2019s nice for the musicians too, it\u2019s like a party, it\u2019s like a community.<\/strong>&#8221; <br \/><\/em>(Wolfgang Muthspiel \u2013 laureate German Jazz Prize\/2021, European Jazz Musician of the Year 2003) <br \/><br \/><em>\u201c<strong>It really is one of my favorite festivals in the world and I feel like I\u2019m a part of it. I enjoy it every time I come back \u2013 no matter what the temperature, the atmosphere is hot!<\/strong>\u201d <br \/><\/em>(Adam Ba\u0142dych, International Instrumentalist Of Tthe Year 2016\/ECHO Jazz) <br \/><br \/><em>\u201c<strong>The audience is brilliant, there\u2019s so much warmth in their reaction, you can feel it from the stage. It\u2019s beyond success. I call it love!<\/strong>\u201d <br \/><\/em>(Nguy\u00ean L\u00ea, Cavaler of the Order of Arts and Letters\/France) <br \/><br \/><em>\u201c<strong>I love G\u0103r\u00e2na and I love the Romanian audience. You seem so involved, dedicated and musically savvy.<\/strong>\u201d <br \/><\/em>(Bugge Wesseltoft, electronic jazz pioneer, 3-time Norwegian Grammy winner) <br \/><br \/><em>&#8222;<strong>It\u2019s very Norwegian, maybe the forest is thicker here, but it reminds me of southern Norway. It feels like home.<\/strong>&#8221; <br \/><\/em>(H\u00e5kon Kornstad, prestigious Norwegian saxophonist and tenor) <br \/><br \/>More details about organisation, transport, accommodation or camping and what to prepare for a perfect four-day festival experience can be found on the festival website. <br \/><br \/>Follow us on Facebook: @garanajazzfest and Instagram: @garanajazzfestival for more information about the musicians invited to the festival.<\/p>\n<\/blockquote>\t\t\t\t\t\t\t\t<\/div>\n\t\t\t\t<\/div>\n\t\t\t\t\t<\/div>\n\t\t\t\t<\/div>\n\t\t\t\t<\/div>","protected":false},"excerpt":{"rendered":"<p>The 28th edition of the G\u0103r\u00e2na Jazz Festival will take place between 11-14 July 2024<br \/>\n\u2013 Early-bird passes until 14 March \u2013<\/p>","protected":false},"author":3,"featured_media":3997,"comment_status":"closed","ping_status":"closed","sticky":false,"template":"elementor_theme","format":"standard","meta":{"footnotes":""},"categories":[1],"tags":[],"class_list":["post-3984","post","type-post","status-publish","format-standard","has-post-thumbnail","hentry","category-1"],"_links":{"self":[{"href":"https:\/\/garana-jazz.ro\/en\/wp-json\/wp\/v2\/posts\/3984","targetHints":{"allow":["GET"]}}],"collection":[{"href":"https:\/\/garana-jazz.ro\/en\/wp-json\/wp\/v2\/posts"}],"about":[{"href":"https:\/\/garana-jazz.ro\/en\/wp-json\/wp\/v2\/types\/post"}],"author":[{"embeddable":true,"href":"https:\/\/garana-jazz.ro\/en\/wp-json\/wp\/v2\/users\/3"}],"replies":[{"embeddable":true,"href":"https:\/\/garana-jazz.ro\/en\/wp-json\/wp\/v2\/comments?post=3984"}],"version-history":[{"count":0,"href":"https:\/\/garana-jazz.ro\/en\/wp-json\/wp\/v2\/posts\/3984\/revisions"}],"wp:featuredmedia":[{"embeddable":true,"href":"https:\/\/garana-jazz.ro\/en\/wp-json\/wp\/v2\/media\/3997"}],"wp:attachment":[{"href":"https:\/\/garana-jazz.ro\/en\/wp-json\/wp\/v2\/media?parent=3984"}],"wp:term":[{"taxonomy":"category","embeddable":true,"href":"https:\/\/garana-jazz.ro\/en\/wp-json\/wp\/v2\/categories?post=3984"},{"taxonomy":"post_tag","embeddable":true,"href":"https:\/\/garana-jazz.ro\/en\/wp-json\/wp\/v2\/tags?post=3984"}],"curies":[{"name":"wp","href":"https:\/\/api.w.org\/{rel}","templated":true}]}}