{"id":9856,"date":"2024-07-10T16:20:08","date_gmt":"2024-07-10T13:20:08","guid":{"rendered":"https:\/\/garana-jazz.ro\/?p=9856"},"modified":"2024-07-10T16:27:59","modified_gmt":"2024-07-10T13:27:59","slug":"circuit-cultural-la-garana-jazz-festival","status":"publish","type":"post","link":"https:\/\/garana-jazz.ro\/en\/circuit-cultural-la-garana-jazz-festival\/","title":{"rendered":"Circuit cultural la G\u0103r\u00e2na Jazz Festival"},"content":{"rendered":"<div data-elementor-type=\"wp-post\" data-elementor-id=\"9856\" class=\"elementor elementor-9856\" data-elementor-post-type=\"post\">\n\t\t\t\t<div class=\"elementor-element elementor-element-6b2c1b12 e-flex e-con-boxed e-con e-parent\" data-id=\"6b2c1b12\" data-element_type=\"container\">\n\t\t\t\t\t<div class=\"e-con-inner\">\n\t\t\t\t<div class=\"elementor-element elementor-element-47369e1c elementor-widget elementor-widget-text-editor\" data-id=\"47369e1c\" data-element_type=\"widget\" data-widget_type=\"text-editor.default\">\n\t\t\t\t<div class=\"elementor-widget-container\">\n\t\t\t\t\t\t\t\t\t<div><p>Vino al\u0103turi de Ana Rubeli, storyteller cultural al proiectului #Aiciastat, \u00eentr-o experien\u021b\u0103 unic\u0103 la G\u0103r\u00e2na Jazz Festival!<\/p><p><b>C\u00e2nd? Vineri, 12 iulie, \u00eencep\u00e2nd cu ora 15:00<br \/>Unde?<\/b>\u00a0La R\u0103scruce, locul unde Festivalul a luat na\u0219tere<br \/><b>Durata:\u00a0<\/b>1 or\u0103 \u0219i jum\u0103tate<br \/><b>\u00censcrieri:\u00a0<\/b>Completeaz\u0103 formularul acum! Locurile sunt limitate la 30 de participan\u021bi.<\/p><\/div><div><p><strong><a href=\"https:\/\/aiciastat.ro\/tur-ghidat-aiciastat-cu-ana-rubeli-in-satul-garana-in-cadrul-garana-jazz-festival-12-iulie-2024\/\" target=\"_blank\" rel=\"noopener\" data-saferedirecturl=\"https:\/\/www.google.com\/url?q=https:\/\/aiciastat.ro\/tur-ghidat-aiciastat-cu-ana-rubeli-in-satul-garana-in-cadrul-garana-jazz-festival-12-iulie-2024\/&amp;source=gmail&amp;ust=1720703607779000&amp;usg=AOvVaw1NsbDwzqqFqAQf9JUeHKXz\">https:\/\/aiciastat.ro\/tur-<wbr \/>ghidat-aiciastat-cu-ana-<wbr \/>rubeli-in-satul-garana-in-<wbr \/>cadrul-garana-jazz-festival-<wbr \/>12-iulie-2024\/<\/a><\/strong><\/p><p>Descoper\u0103 G\u0103r\u00e2na, nu doar ca un sat montan pitoresc, ci ca un loc \u00eenc\u0103rcat de istorie \u0219i cultur\u0103. Fiecare cas\u0103 \u0219i str\u0103du\u021b\u0103 dezv\u0103luie trecutul bogat al comunit\u0103\u021bii germane care a fondat acest sat.<\/p><p>Turul ghidat exploreaz\u0103 istoria, arhitectura unic\u0103, povestea comunit\u0103\u021bii \u0219i peisajele naturale ale Parcului Na\u021bional Semenic. Organizat \u00een parteneriat cu Funda\u021bia Cultural\u0103 Jazz Banat, fondatorul Festivalului, evenimentul sus\u021bine dezvoltarea comunit\u0103\u021bilor artistice \u0219i promovarea membrilor acestora.<\/p><\/div>\t\t\t\t\t\t\t\t<\/div>\n\t\t\t\t<\/div>\n\t\t\t\t<div class=\"elementor-element elementor-element-e56947d elementor-widget elementor-widget-gallery\" data-id=\"e56947d\" data-element_type=\"widget\" data-settings=\"{&quot;gallery_layout&quot;:&quot;masonry&quot;,&quot;columns&quot;:2,&quot;lazyload&quot;:&quot;yes&quot;,&quot;columns_tablet&quot;:2,&quot;columns_mobile&quot;:1,&quot;gap&quot;:{&quot;unit&quot;:&quot;px&quot;,&quot;size&quot;:10,&quot;sizes&quot;:[]},&quot;gap_tablet&quot;:{&quot;unit&quot;:&quot;px&quot;,&quot;size&quot;:10,&quot;sizes&quot;:[]},&quot;gap_mobile&quot;:{&quot;unit&quot;:&quot;px&quot;,&quot;size&quot;:10,&quot;sizes&quot;:[]},&quot;overlay_background&quot;:&quot;yes&quot;,&quot;content_hover_animation&quot;:&quot;fade-in&quot;}\" data-widget_type=\"gallery.default\">\n\t\t\t\t<div class=\"elementor-widget-container\">\n\t\t\t\t\t\t\t<div class=\"elementor-gallery__container\">\n\t\t\t\t\t\t\t<div class=\"e-gallery-item elementor-gallery-item elementor-animated-content\">\n\t\t\t\t\t<div class=\"e-gallery-image elementor-gallery-item__image\" data-thumbnail=\"https:\/\/garana-jazz.ro\/wp-content\/uploads\/2024\/07\/WhatsApp-Image-2024-07-06-at-15.12.08-1229x1536.jpeg\" data-width=\"1229\" data-height=\"1536\" aria-label=\"\" role=\"img\" ><\/div>\n\t\t\t\t\t\t\t\t\t\t\t<div class=\"elementor-gallery-item__overlay\"><\/div>\n\t\t\t\t\t\t\t\t\t\t\t\t\t\t<\/div>\n\t\t\t\t\t\t\t<div class=\"e-gallery-item elementor-gallery-item elementor-animated-content\">\n\t\t\t\t\t<div class=\"e-gallery-image elementor-gallery-item__image\" data-thumbnail=\"https:\/\/garana-jazz.ro\/wp-content\/uploads\/2024\/07\/WhatsApp-Image-2024-07-06-at-15.12.42-1229x1536.jpeg\" data-width=\"1229\" data-height=\"1536\" aria-label=\"\" role=\"img\" ><\/div>\n\t\t\t\t\t\t\t\t\t\t\t<div class=\"elementor-gallery-item__overlay\"><\/div>\n\t\t\t\t\t\t\t\t\t\t\t\t\t\t<\/div>\n\t\t\t\t\t\t\t<div class=\"e-gallery-item elementor-gallery-item elementor-animated-content\">\n\t\t\t\t\t<div class=\"e-gallery-image elementor-gallery-item__image\" data-thumbnail=\"https:\/\/garana-jazz.ro\/wp-content\/uploads\/2024\/07\/WhatsApp-Image-2024-07-06-at-15.12.34-1152x1536.jpeg\" data-width=\"1152\" data-height=\"1536\" aria-label=\"\" role=\"img\" ><\/div>\n\t\t\t\t\t\t\t\t\t\t\t<div class=\"elementor-gallery-item__overlay\"><\/div>\n\t\t\t\t\t\t\t\t\t\t\t\t\t\t<\/div>\n\t\t\t\t\t\t\t<div class=\"e-gallery-item elementor-gallery-item elementor-animated-content\">\n\t\t\t\t\t<div class=\"e-gallery-image elementor-gallery-item__image\" data-thumbnail=\"https:\/\/garana-jazz.ro\/wp-content\/uploads\/2024\/07\/WhatsApp-Image-2024-07-06-at-15.12.25-1152x1536.jpeg\" data-width=\"1152\" data-height=\"1536\" aria-label=\"\" role=\"img\" ><\/div>\n\t\t\t\t\t\t\t\t\t\t\t<div class=\"elementor-gallery-item__overlay\"><\/div>\n\t\t\t\t\t\t\t\t\t\t\t\t\t\t<\/div>\n\t\t\t\t\t<\/div>\n\t\t\t\t\t<\/div>\n\t\t\t\t<\/div>\n\t\t\t\t<div class=\"elementor-element elementor-element-30307c4 elementor-widget elementor-widget-ld_fancy_image\" data-id=\"30307c4\" data-element_type=\"widget\" data-widget_type=\"ld_fancy_image.default\">\n\t\t\t\t<div class=\"elementor-widget-container\">\n\t\t\t\t\t\n\t\t<div class=\"lqd-imggrp-single d-block pos-rel\">\n\t\t\t<div class=\"lqd-imggrp-img-container d-inline-flex pos-rel align-items-center justify-content-center\">\n\t\t\t\t\t\t\t\t<figure class=\"w-100 pos-rel\">\n\t\t\t\t\t<img fetchpriority=\"high\" decoding=\"async\" width=\"4032\" height=\"3024\" src=\"https:\/\/garana-jazz.ro\/wp-content\/uploads\/2024\/07\/WhatsApp-Image-2024-07-06-at-15.12.15.jpeg\" class=\"attachment-full size-full wp-image-9859\" alt=\"\" srcset=\"https:\/\/garana-jazz.ro\/wp-content\/uploads\/2024\/07\/WhatsApp-Image-2024-07-06-at-15.12.15.jpeg 4032w, https:\/\/garana-jazz.ro\/wp-content\/uploads\/2024\/07\/WhatsApp-Image-2024-07-06-at-15.12.15-300x225.jpeg 300w, https:\/\/garana-jazz.ro\/wp-content\/uploads\/2024\/07\/WhatsApp-Image-2024-07-06-at-15.12.15-1024x768.jpeg 1024w, https:\/\/garana-jazz.ro\/wp-content\/uploads\/2024\/07\/WhatsApp-Image-2024-07-06-at-15.12.15-16x12.jpeg 16w, https:\/\/garana-jazz.ro\/wp-content\/uploads\/2024\/07\/WhatsApp-Image-2024-07-06-at-15.12.15-1536x1152.jpeg 1536w, https:\/\/garana-jazz.ro\/wp-content\/uploads\/2024\/07\/WhatsApp-Image-2024-07-06-at-15.12.15-2048x1536.jpeg 2048w\" sizes=\"(max-width: 4032px) 100vw, 4032px\" itemprop=\"image\" \/>\t\t\t\t\t\t\t\t\t\t\t\t\t\t\t\t\t\t\t\t\t\t\t\t\t\t\t\t\t<\/figure>\n\t\t\t<\/div>\n\t\t<\/div>\n\n\t\t\t\t\t<\/div>\n\t\t\t\t<\/div>\n\t\t\t\t\t<\/div>\n\t\t\t\t<\/div>\n\t\t\t\t<\/div>","protected":false},"excerpt":{"rendered":"<p>Vino al\u0103turi de Ana Rubeli, storyteller cultural al proiectului #Aiciastat, \u00eentr-o experien\u021b\u0103 unic\u0103 la G\u0103r\u00e2na Jazz Festival! C\u00e2nd? Vineri, 12 iulie, \u00eencep\u00e2nd cu ora 15:00Unde?\u00a0La R\u0103scruce, locul unde Festivalul a luat na\u0219tereDurata:\u00a01 or\u0103 \u0219i jum\u0103tate\u00censcrieri:\u00a0Completeaz\u0103 formularul acum! Locurile sunt limitate la 30 de participan\u021bi. https:\/\/aiciastat.ro\/tur-ghidat-aiciastat-cu-ana-rubeli-in-satul-garana-in-cadrul-garana-jazz-festival-12-iulie-2024\/ Descoper\u0103 G\u0103r\u00e2na, nu doar ca un sat montan pitoresc, ci [&hellip;]<\/p>","protected":false},"author":3,"featured_media":9857,"comment_status":"open","ping_status":"open","sticky":false,"template":"","format":"standard","meta":{"footnotes":""},"categories":[1],"tags":[],"class_list":["post-9856","post","type-post","status-publish","format-standard","has-post-thumbnail","hentry","category-1"],"_links":{"self":[{"href":"https:\/\/garana-jazz.ro\/en\/wp-json\/wp\/v2\/posts\/9856","targetHints":{"allow":["GET"]}}],"collection":[{"href":"https:\/\/garana-jazz.ro\/en\/wp-json\/wp\/v2\/posts"}],"about":[{"href":"https:\/\/garana-jazz.ro\/en\/wp-json\/wp\/v2\/types\/post"}],"author":[{"embeddable":true,"href":"https:\/\/garana-jazz.ro\/en\/wp-json\/wp\/v2\/users\/3"}],"replies":[{"embeddable":true,"href":"https:\/\/garana-jazz.ro\/en\/wp-json\/wp\/v2\/comments?post=9856"}],"version-history":[{"count":16,"href":"https:\/\/garana-jazz.ro\/en\/wp-json\/wp\/v2\/posts\/9856\/revisions"}],"predecessor-version":[{"id":9878,"href":"https:\/\/garana-jazz.ro\/en\/wp-json\/wp\/v2\/posts\/9856\/revisions\/9878"}],"wp:featuredmedia":[{"embeddable":true,"href":"https:\/\/garana-jazz.ro\/en\/wp-json\/wp\/v2\/media\/9857"}],"wp:attachment":[{"href":"https:\/\/garana-jazz.ro\/en\/wp-json\/wp\/v2\/media?parent=9856"}],"wp:term":[{"taxonomy":"category","embeddable":true,"href":"https:\/\/garana-jazz.ro\/en\/wp-json\/wp\/v2\/categories?post=9856"},{"taxonomy":"post_tag","embeddable":true,"href":"https:\/\/garana-jazz.ro\/en\/wp-json\/wp\/v2\/tags?post=9856"}],"curies":[{"name":"wp","href":"https:\/\/api.w.org\/{rel}","templated":true}]}}