{"id":9892,"date":"2024-07-14T11:34:36","date_gmt":"2024-07-14T08:34:36","guid":{"rendered":"https:\/\/garana-jazz.ro\/?p=9892"},"modified":"2024-07-14T11:41:22","modified_gmt":"2024-07-14T08:41:22","slug":"mesaj-important","status":"publish","type":"post","link":"https:\/\/garana-jazz.ro\/en\/mesaj-important\/","title":{"rendered":"Mesaj important!"},"content":{"rendered":"<p>Avem o veste pe care am fi dorit s\u0103 nu fie nevoie s\u0103 v-o d\u0103m, \u00eens\u0103 lucrurile nu au fost deloc \u00een favoarea concertului cvartetului Airelle Besson. Din cauza zborurilor anulate \u00een lan\u021b, suntem nevoi\u021bi s\u0103 reprogram\u0103m performance-ul Airelle Besson Quartet pentru edi\u021bia din 2025.<br \/>\nV\u0103 \u00een\u021belegem pe deplin dezam\u0103girea, dar sper\u0103m ca acest eveniment neprev\u0103zut s\u0103 nu umbreasc\u0103 atmosfera ultimelor 3 concerte din totalul de 20 ale acestei edi\u021bii.<br \/>\nV\u0103 mul\u021bumim pentru contribu\u021bia \u0219i energia pe care le aduce\u021bi an de an \u0219i suntem deschi\u0219i la a returna contravaloarea biletelor cump\u0103rate special pentru 14 iulie 2024, iar pentru acei dintre voi care a\u021bi optat pentru abonament, revenim \u00een cur\u00e2nd cu detalii despre cum pute\u021bi ob\u021bine o reducere pentru abonamentele edi\u021biei din 2025.<\/p>\n<p>\u00cen rest, programul zilei r\u0103m\u00e2ne neschimbat, ne vedem \u00een Poiana Lupului \u00eencep\u00e2nd cu ora 18:00 iar la Biserica din V\u0103liug p\u00e2n\u0103 la ora 13:30.<br \/>\nMain Stage, Poiana Lupului, ora 18:00:<br \/>\n\u2713 Wojtek Pilichowski Quartet<br \/>\n\u2713 Gianluca Mosole Quintet<br \/>\n\u2713 Kinga G\u0142yk<\/p>\n<p><strong>Not\u0103: persoanele care doresc stornarea biletelor cump\u0103rate pentru ziua de 14 iulie 2024, sunt rugate s\u0103 vin\u0103 la casa de bilete \u00eentre orele 14:00 \u2013 16:00 pentru a ne oferi informa\u021biile necesare.<\/strong><\/p>","protected":false},"excerpt":{"rendered":"<p>Avem o veste pe care am fi dorit s\u0103 nu fie nevoie s\u0103 v-o d\u0103m, \u00eens\u0103 lucrurile nu au fost deloc \u00een favoarea concertului cvartetului Airelle Besson. Din cauza zborurilor anulate \u00een lan\u021b, suntem nevoi\u021bi s\u0103 reprogram\u0103m performance-ul Airelle Besson Quartet pentru edi\u021bia din 2025. V\u0103 \u00een\u021belegem pe deplin dezam\u0103girea, dar sper\u0103m ca acest eveniment [&hellip;]<\/p>","protected":false},"author":3,"featured_media":9893,"comment_status":"open","ping_status":"open","sticky":false,"template":"","format":"standard","meta":{"footnotes":""},"categories":[1],"tags":[],"class_list":["post-9892","post","type-post","status-publish","format-standard","has-post-thumbnail","hentry","category-1"],"_links":{"self":[{"href":"https:\/\/garana-jazz.ro\/en\/wp-json\/wp\/v2\/posts\/9892","targetHints":{"allow":["GET"]}}],"collection":[{"href":"https:\/\/garana-jazz.ro\/en\/wp-json\/wp\/v2\/posts"}],"about":[{"href":"https:\/\/garana-jazz.ro\/en\/wp-json\/wp\/v2\/types\/post"}],"author":[{"embeddable":true,"href":"https:\/\/garana-jazz.ro\/en\/wp-json\/wp\/v2\/users\/3"}],"replies":[{"embeddable":true,"href":"https:\/\/garana-jazz.ro\/en\/wp-json\/wp\/v2\/comments?post=9892"}],"version-history":[{"count":3,"href":"https:\/\/garana-jazz.ro\/en\/wp-json\/wp\/v2\/posts\/9892\/revisions"}],"predecessor-version":[{"id":9896,"href":"https:\/\/garana-jazz.ro\/en\/wp-json\/wp\/v2\/posts\/9892\/revisions\/9896"}],"wp:featuredmedia":[{"embeddable":true,"href":"https:\/\/garana-jazz.ro\/en\/wp-json\/wp\/v2\/media\/9893"}],"wp:attachment":[{"href":"https:\/\/garana-jazz.ro\/en\/wp-json\/wp\/v2\/media?parent=9892"}],"wp:term":[{"taxonomy":"category","embeddable":true,"href":"https:\/\/garana-jazz.ro\/en\/wp-json\/wp\/v2\/categories?post=9892"},{"taxonomy":"post_tag","embeddable":true,"href":"https:\/\/garana-jazz.ro\/en\/wp-json\/wp\/v2\/tags?post=9892"}],"curies":[{"name":"wp","href":"https:\/\/api.w.org\/{rel}","templated":true}]}}